{"id":1394,"date":"2023-04-28T21:57:28","date_gmt":"2023-04-28T20:57:28","guid":{"rendered":"https:\/\/blogsaverroes.juntadeandalucia.es\/iesmva\/?p=1394"},"modified":"2023-04-28T21:57:28","modified_gmt":"2023-04-28T20:57:28","slug":"puente-de-mayo","status":"publish","type":"post","link":"https:\/\/blogsaverroes.juntadeandalucia.es\/iesmva\/puente-de-mayo\/","title":{"rendered":"PUENTE DE MAYO"},"content":{"rendered":"<p>Estimadas familias os recordamos que el pr\u00f3ximo lunes 1 de mayo es festivo y el martes 2 de mayo es no lectivo en sustituci\u00f3n de una de las fiestas locales de M\u00e1laga capital, por lo que el centro permanecer\u00e1 cerrado ambos d\u00edas, tanto en horario de ma\u00f1ana como de tarde.<\/p>\n<p>&nbsp;<\/p>\n","protected":false},"excerpt":{"rendered":"<p>Estimadas familias os recordamos que el pr\u00f3ximo lunes 1 de mayo es festivo y el martes 2 de mayo es no lectivo en sustituci\u00f3n de una de las fiestas locales de M\u00e1laga capital, por lo que el centro permanecer\u00e1 cerrado ambos d\u00edas, tanto en horario de ma\u00f1ana como de tarde. &nbsp;<\/p>\n","protected":false},"author":15191,"featured_media":0,"comment_status":"closed","ping_status":"open","sticky":false,"template":"","format":"aside","meta":{"ngg_post_thumbnail":0,"footnotes":""},"categories":[11],"tags":[],"aioseo_notices":[],"_links":{"self":[{"href":"https:\/\/blogsaverroes.juntadeandalucia.es\/iesmva\/wp-json\/wp\/v2\/posts\/1394"}],"collection":[{"href":"https:\/\/blogsaverroes.juntadeandalucia.es\/iesmva\/wp-json\/wp\/v2\/posts"}],"about":[{"href":"https:\/\/blogsaverroes.juntadeandalucia.es\/iesmva\/wp-json\/wp\/v2\/types\/post"}],"author":[{"embeddable":true,"href":"https:\/\/blogsaverroes.juntadeandalucia.es\/iesmva\/wp-json\/wp\/v2\/users\/15191"}],"replies":[{"embeddable":true,"href":"https:\/\/blogsaverroes.juntadeandalucia.es\/iesmva\/wp-json\/wp\/v2\/comments?post=1394"}],"version-history":[{"count":1,"href":"https:\/\/blogsaverroes.juntadeandalucia.es\/iesmva\/wp-json\/wp\/v2\/posts\/1394\/revisions"}],"predecessor-version":[{"id":1395,"href":"https:\/\/blogsaverroes.juntadeandalucia.es\/iesmva\/wp-json\/wp\/v2\/posts\/1394\/revisions\/1395"}],"wp:attachment":[{"href":"https:\/\/blogsaverroes.juntadeandalucia.es\/iesmva\/wp-json\/wp\/v2\/media?parent=1394"}],"wp:term":[{"taxonomy":"category","embeddable":true,"href":"https:\/\/blogsaverroes.juntadeandalucia.es\/iesmva\/wp-json\/wp\/v2\/categories?post=1394"},{"taxonomy":"post_tag","embeddable":true,"href":"https:\/\/blogsaverroes.juntadeandalucia.es\/iesmva\/wp-json\/wp\/v2\/tags?post=1394"}],"curies":[{"name":"wp","href":"https:\/\/api.w.org\/{rel}","templated":true}]}}