{"id":1503,"date":"2024-02-05T13:05:51","date_gmt":"2024-02-05T12:05:51","guid":{"rendered":"https:\/\/blogsaverroes.juntadeandalucia.es\/iesmva\/?p=1503"},"modified":"2024-02-05T13:06:09","modified_gmt":"2024-02-05T12:06:09","slug":"escuela-padres-madres","status":"publish","type":"post","link":"https:\/\/blogsaverroes.juntadeandalucia.es\/iesmva\/escuela-padres-madres\/","title":{"rendered":"ESCUELA PADRES\/MADRES"},"content":{"rendered":"<p>Estimadas familias, hoy 5 de febrero a las 16h, tendr\u00e1 lugar la segunda sesi\u00f3n de nuestra escuela de padres\/madres, esta vez de la mano de inpavi, una sesi\u00f3n muy recomendable d\u00f3nde se abordar\u00e1n temas como la resoluci\u00f3n de conflictos, comunicaci\u00f3n positiva, empat\u00eda, redes sociales y cambio de h\u00e1bitos. Os animamos a participar de ella, ya que la educaci\u00f3n de nuestros hijos\/as debe ser una tarea conjunta familia-escuela.<\/p>\n<p><img loading=\"lazy\" decoding=\"async\" class=\"alignnone size-medium wp-image-1504\" src=\"https:\/\/blogsaverroes.juntadeandalucia.es\/iesmva\/files\/2024\/02\/image001-212x300.png\" alt=\"\" width=\"212\" height=\"300\" srcset=\"https:\/\/blogsaverroes.juntadeandalucia.es\/iesmva\/files\/2024\/02\/image001-212x300.png 212w, https:\/\/blogsaverroes.juntadeandalucia.es\/iesmva\/files\/2024\/02\/image001-724x1024.png 724w, https:\/\/blogsaverroes.juntadeandalucia.es\/iesmva\/files\/2024\/02\/image001-768x1086.png 768w, https:\/\/blogsaverroes.juntadeandalucia.es\/iesmva\/files\/2024\/02\/image001-1086x1536.png 1086w, https:\/\/blogsaverroes.juntadeandalucia.es\/iesmva\/files\/2024\/02\/image001-1200x1697.png 1200w, https:\/\/blogsaverroes.juntadeandalucia.es\/iesmva\/files\/2024\/02\/image001.png 1414w\" sizes=\"(max-width: 212px) 85vw, 212px\" \/>&nbsp; &nbsp; &nbsp; &nbsp; &nbsp; &nbsp; &nbsp; &nbsp; &nbsp; &nbsp; &nbsp; &nbsp; <img loading=\"lazy\" decoding=\"async\" class=\"alignnone size-medium wp-image-1500\" src=\"https:\/\/blogsaverroes.juntadeandalucia.es\/iesmva\/files\/2024\/01\/Documento-A4-Portada-de-Proyecto-Doodle-Beige-y-Negro-212x300.jpg\" alt=\"\" width=\"212\" height=\"300\" srcset=\"https:\/\/blogsaverroes.juntadeandalucia.es\/iesmva\/files\/2024\/01\/Documento-A4-Portada-de-Proyecto-Doodle-Beige-y-Negro-212x300.jpg 212w, https:\/\/blogsaverroes.juntadeandalucia.es\/iesmva\/files\/2024\/01\/Documento-A4-Portada-de-Proyecto-Doodle-Beige-y-Negro-724x1024.jpg 724w, https:\/\/blogsaverroes.juntadeandalucia.es\/iesmva\/files\/2024\/01\/Documento-A4-Portada-de-Proyecto-Doodle-Beige-y-Negro-768x1086.jpg 768w, https:\/\/blogsaverroes.juntadeandalucia.es\/iesmva\/files\/2024\/01\/Documento-A4-Portada-de-Proyecto-Doodle-Beige-y-Negro-1086x1536.jpg 1086w, https:\/\/blogsaverroes.juntadeandalucia.es\/iesmva\/files\/2024\/01\/Documento-A4-Portada-de-Proyecto-Doodle-Beige-y-Negro-1200x1697.jpg 1200w, https:\/\/blogsaverroes.juntadeandalucia.es\/iesmva\/files\/2024\/01\/Documento-A4-Portada-de-Proyecto-Doodle-Beige-y-Negro.jpg 1414w\" sizes=\"(max-width: 212px) 85vw, 212px\" \/><\/p>\n","protected":false},"excerpt":{"rendered":"<p>Estimadas familias, hoy 5 de febrero a las 16h, tendr\u00e1 lugar la segunda sesi\u00f3n de nuestra escuela de padres\/madres, esta vez de la mano de inpavi, una sesi\u00f3n muy recomendable d\u00f3nde se abordar\u00e1n temas como la resoluci\u00f3n de conflictos, comunicaci\u00f3n positiva, empat\u00eda, redes sociales y cambio de h\u00e1bitos. Os animamos a participar de ella, ya &hellip; <a href=\"https:\/\/blogsaverroes.juntadeandalucia.es\/iesmva\/escuela-padres-madres\/\" class=\"more-link\">Continuar leyendo<span class=\"screen-reader-text\"> &#8220;ESCUELA PADRES\/MADRES&#8221;<\/span><\/a><\/p>\n","protected":false},"author":15191,"featured_media":0,"comment_status":"closed","ping_status":"open","sticky":false,"template":"","format":"standard","meta":{"ngg_post_thumbnail":0,"footnotes":""},"categories":[1],"tags":[],"aioseo_notices":[],"_links":{"self":[{"href":"https:\/\/blogsaverroes.juntadeandalucia.es\/iesmva\/wp-json\/wp\/v2\/posts\/1503"}],"collection":[{"href":"https:\/\/blogsaverroes.juntadeandalucia.es\/iesmva\/wp-json\/wp\/v2\/posts"}],"about":[{"href":"https:\/\/blogsaverroes.juntadeandalucia.es\/iesmva\/wp-json\/wp\/v2\/types\/post"}],"author":[{"embeddable":true,"href":"https:\/\/blogsaverroes.juntadeandalucia.es\/iesmva\/wp-json\/wp\/v2\/users\/15191"}],"replies":[{"embeddable":true,"href":"https:\/\/blogsaverroes.juntadeandalucia.es\/iesmva\/wp-json\/wp\/v2\/comments?post=1503"}],"version-history":[{"count":2,"href":"https:\/\/blogsaverroes.juntadeandalucia.es\/iesmva\/wp-json\/wp\/v2\/posts\/1503\/revisions"}],"predecessor-version":[{"id":1506,"href":"https:\/\/blogsaverroes.juntadeandalucia.es\/iesmva\/wp-json\/wp\/v2\/posts\/1503\/revisions\/1506"}],"wp:attachment":[{"href":"https:\/\/blogsaverroes.juntadeandalucia.es\/iesmva\/wp-json\/wp\/v2\/media?parent=1503"}],"wp:term":[{"taxonomy":"category","embeddable":true,"href":"https:\/\/blogsaverroes.juntadeandalucia.es\/iesmva\/wp-json\/wp\/v2\/categories?post=1503"},{"taxonomy":"post_tag","embeddable":true,"href":"https:\/\/blogsaverroes.juntadeandalucia.es\/iesmva\/wp-json\/wp\/v2\/tags?post=1503"}],"curies":[{"name":"wp","href":"https:\/\/api.w.org\/{rel}","templated":true}]}}