{"id":431,"date":"2017-12-22T17:53:54","date_gmt":"2017-12-22T17:53:54","guid":{"rendered":"http:\/\/iesmva.net\/?p=431"},"modified":"2017-12-22T17:53:54","modified_gmt":"2017-12-22T17:53:54","slug":"desayuno-navideno","status":"publish","type":"post","link":"https:\/\/blogsaverroes.juntadeandalucia.es\/iesmva\/desayuno-navideno\/","title":{"rendered":"Desayuno navide\u00f1o"},"content":{"rendered":"<p>Las madres de nuestra AMPA &#8220;Jhara&#8221; organizaron el pasado jueves un suculento desayuno navide\u00f1o que inclu\u00eda chocolate caliente y deliciosos bu\u00f1uelos de Navidad. Muchas gracias a todas ellas y a los alumnos\/as que colaboraron en esta tradicional actividad de nuestro centro.<br \/>\n<img loading=\"lazy\" decoding=\"async\" class=\"alignnone size-full wp-image-444\" src=\"https:\/\/blogsaverroes.juntadeandalucia.es\/iesmva\/files\/2017\/12\/20171221_110829.jpg\" alt=\"20171221_110829\" width=\"4128\" height=\"2322\" \/><img loading=\"lazy\" decoding=\"async\" class=\"alignnone size-full wp-image-445\" src=\"https:\/\/blogsaverroes.juntadeandalucia.es\/iesmva\/files\/2017\/12\/20171221_111014.jpg\" alt=\"20171221_111014\" width=\"4128\" height=\"2322\" \/><\/p>\n","protected":false},"excerpt":{"rendered":"<p>Las madres de nuestra AMPA &#8220;Jhara&#8221; organizaron el pasado jueves un suculento desayuno navide\u00f1o que inclu\u00eda chocolate caliente y deliciosos bu\u00f1uelos de Navidad. Muchas gracias a todas ellas y a los alumnos\/as que colaboraron en esta tradicional actividad de nuestro centro.<\/p>\n","protected":false},"author":15187,"featured_media":0,"comment_status":"closed","ping_status":"open","sticky":false,"template":"","format":"standard","meta":{"ngg_post_thumbnail":0,"footnotes":""},"categories":[9],"tags":[],"aioseo_notices":[],"_links":{"self":[{"href":"https:\/\/blogsaverroes.juntadeandalucia.es\/iesmva\/wp-json\/wp\/v2\/posts\/431"}],"collection":[{"href":"https:\/\/blogsaverroes.juntadeandalucia.es\/iesmva\/wp-json\/wp\/v2\/posts"}],"about":[{"href":"https:\/\/blogsaverroes.juntadeandalucia.es\/iesmva\/wp-json\/wp\/v2\/types\/post"}],"author":[{"embeddable":true,"href":"https:\/\/blogsaverroes.juntadeandalucia.es\/iesmva\/wp-json\/wp\/v2\/users\/15187"}],"replies":[{"embeddable":true,"href":"https:\/\/blogsaverroes.juntadeandalucia.es\/iesmva\/wp-json\/wp\/v2\/comments?post=431"}],"version-history":[{"count":0,"href":"https:\/\/blogsaverroes.juntadeandalucia.es\/iesmva\/wp-json\/wp\/v2\/posts\/431\/revisions"}],"wp:attachment":[{"href":"https:\/\/blogsaverroes.juntadeandalucia.es\/iesmva\/wp-json\/wp\/v2\/media?parent=431"}],"wp:term":[{"taxonomy":"category","embeddable":true,"href":"https:\/\/blogsaverroes.juntadeandalucia.es\/iesmva\/wp-json\/wp\/v2\/categories?post=431"},{"taxonomy":"post_tag","embeddable":true,"href":"https:\/\/blogsaverroes.juntadeandalucia.es\/iesmva\/wp-json\/wp\/v2\/tags?post=431"}],"curies":[{"name":"wp","href":"https:\/\/api.w.org\/{rel}","templated":true}]}}