{"id":454,"date":"2017-12-22T17:52:25","date_gmt":"2017-12-22T17:52:25","guid":{"rendered":"http:\/\/iesmva.net\/?p=454"},"modified":"2017-12-22T17:52:25","modified_gmt":"2017-12-22T17:52:25","slug":"campana-de-recogida-de-alimentos","status":"publish","type":"post","link":"https:\/\/blogsaverroes.juntadeandalucia.es\/iesmva\/campana-de-recogida-de-alimentos\/","title":{"rendered":"Campa\u00f1a de recogida de alimentos"},"content":{"rendered":"<p>La campa\u00f1a de recogida de alimentos relacionada con la carrera solidaria\u00a0 celebrada el pasado jueves 21 ha resultado un completo \u00e9xito, alcanz\u00e1ndose un nuevo record de recogida de los \u00faltimos cursos. En esta ocasi\u00f3n, como novedad, se ha contado tambi\u00e9n con la participaci\u00f3n de alumnos\/as del CEIP &#8220;Cayetano Bol\u00edvar&#8221;.<\/p>\n<p><img loading=\"lazy\" decoding=\"async\" class=\"alignnone size-full wp-image-446\" src=\"https:\/\/blogsaverroes.juntadeandalucia.es\/iesmva\/files\/2017\/12\/20171222_115119.jpg\" alt=\"20171222_115119\" width=\"4128\" height=\"2322\" \/><\/p>\n<p>Nuestro reconocimiento a la solidaridad mostrada por las comunidades de ambos centros, de la que podemos sentirnos orgullosos\/as.<\/p>\n","protected":false},"excerpt":{"rendered":"<p>La campa\u00f1a de recogida de alimentos relacionada con la carrera solidaria\u00a0 celebrada el pasado jueves 21 ha resultado un completo \u00e9xito, alcanz\u00e1ndose un nuevo record de recogida de los \u00faltimos cursos. En esta ocasi\u00f3n, como novedad, se ha contado tambi\u00e9n con la participaci\u00f3n de alumnos\/as del CEIP &#8220;Cayetano Bol\u00edvar&#8221;. Nuestro reconocimiento a la solidaridad mostrada &hellip; <a href=\"https:\/\/blogsaverroes.juntadeandalucia.es\/iesmva\/campana-de-recogida-de-alimentos\/\" class=\"more-link\">Continuar leyendo<span class=\"screen-reader-text\"> &#8220;Campa\u00f1a de recogida de alimentos&#8221;<\/span><\/a><\/p>\n","protected":false},"author":15187,"featured_media":0,"comment_status":"closed","ping_status":"open","sticky":false,"template":"","format":"standard","meta":{"ngg_post_thumbnail":0,"footnotes":""},"categories":[9],"tags":[20,50,63,68],"aioseo_notices":[],"_links":{"self":[{"href":"https:\/\/blogsaverroes.juntadeandalucia.es\/iesmva\/wp-json\/wp\/v2\/posts\/454"}],"collection":[{"href":"https:\/\/blogsaverroes.juntadeandalucia.es\/iesmva\/wp-json\/wp\/v2\/posts"}],"about":[{"href":"https:\/\/blogsaverroes.juntadeandalucia.es\/iesmva\/wp-json\/wp\/v2\/types\/post"}],"author":[{"embeddable":true,"href":"https:\/\/blogsaverroes.juntadeandalucia.es\/iesmva\/wp-json\/wp\/v2\/users\/15187"}],"replies":[{"embeddable":true,"href":"https:\/\/blogsaverroes.juntadeandalucia.es\/iesmva\/wp-json\/wp\/v2\/comments?post=454"}],"version-history":[{"count":0,"href":"https:\/\/blogsaverroes.juntadeandalucia.es\/iesmva\/wp-json\/wp\/v2\/posts\/454\/revisions"}],"wp:attachment":[{"href":"https:\/\/blogsaverroes.juntadeandalucia.es\/iesmva\/wp-json\/wp\/v2\/media?parent=454"}],"wp:term":[{"taxonomy":"category","embeddable":true,"href":"https:\/\/blogsaverroes.juntadeandalucia.es\/iesmva\/wp-json\/wp\/v2\/categories?post=454"},{"taxonomy":"post_tag","embeddable":true,"href":"https:\/\/blogsaverroes.juntadeandalucia.es\/iesmva\/wp-json\/wp\/v2\/tags?post=454"}],"curies":[{"name":"wp","href":"https:\/\/api.w.org\/{rel}","templated":true}]}}