{"id":578,"date":"2020-02-19T10:05:50","date_gmt":"2020-02-19T10:05:50","guid":{"rendered":"http:\/\/iesmva.net\/?p=578"},"modified":"2020-02-19T10:05:50","modified_gmt":"2020-02-19T10:05:50","slug":"poesias-matematicas","status":"publish","type":"post","link":"https:\/\/blogsaverroes.juntadeandalucia.es\/iesmva\/poesias-matematicas\/","title":{"rendered":"Poes\u00eda matem\u00e1tica"},"content":{"rendered":"<div id='gallery-1' class='gallery galleryid-578 gallery-columns-3 gallery-size-full'><figure class='gallery-item'>\n\t\t\t<div class='gallery-icon landscape'>\n\t\t\t\t<a href='https:\/\/blogsaverroes.juntadeandalucia.es\/iesmva\/files\/2020\/02\/foto02-scaled.jpeg'><img loading=\"lazy\" decoding=\"async\" width=\"2560\" height=\"1920\" src=\"https:\/\/blogsaverroes.juntadeandalucia.es\/iesmva\/files\/2020\/02\/foto02-scaled.jpeg\" class=\"attachment-full size-full\" alt=\"\" srcset=\"https:\/\/blogsaverroes.juntadeandalucia.es\/iesmva\/files\/2020\/02\/foto02-scaled.jpeg 2560w, https:\/\/blogsaverroes.juntadeandalucia.es\/iesmva\/files\/2020\/02\/foto02-300x225.jpeg 300w, https:\/\/blogsaverroes.juntadeandalucia.es\/iesmva\/files\/2020\/02\/foto02-1024x768.jpeg 1024w, https:\/\/blogsaverroes.juntadeandalucia.es\/iesmva\/files\/2020\/02\/foto02-768x576.jpeg 768w, https:\/\/blogsaverroes.juntadeandalucia.es\/iesmva\/files\/2020\/02\/foto02-1536x1152.jpeg 1536w, https:\/\/blogsaverroes.juntadeandalucia.es\/iesmva\/files\/2020\/02\/foto02-2048x1536.jpeg 2048w, https:\/\/blogsaverroes.juntadeandalucia.es\/iesmva\/files\/2020\/02\/foto02-510x382.jpeg 510w, https:\/\/blogsaverroes.juntadeandalucia.es\/iesmva\/files\/2020\/02\/foto02-1080x810.jpeg 1080w, https:\/\/blogsaverroes.juntadeandalucia.es\/iesmva\/files\/2020\/02\/foto02-1280x960.jpeg 1280w, https:\/\/blogsaverroes.juntadeandalucia.es\/iesmva\/files\/2020\/02\/foto02-980x735.jpeg 980w, https:\/\/blogsaverroes.juntadeandalucia.es\/iesmva\/files\/2020\/02\/foto02-480x360.jpeg 480w\" sizes=\"(max-width: 709px) 85vw, (max-width: 909px) 67vw, (max-width: 1362px) 62vw, 840px\" \/><\/a>\n\t\t\t<\/div><\/figure><figure class='gallery-item'>\n\t\t\t<div class='gallery-icon landscape'>\n\t\t\t\t<a href='https:\/\/blogsaverroes.juntadeandalucia.es\/iesmva\/files\/2020\/02\/foto01-scaled.jpeg'><img loading=\"lazy\" decoding=\"async\" width=\"2560\" height=\"1920\" src=\"https:\/\/blogsaverroes.juntadeandalucia.es\/iesmva\/files\/2020\/02\/foto01-scaled.jpeg\" class=\"attachment-full size-full\" alt=\"\" srcset=\"https:\/\/blogsaverroes.juntadeandalucia.es\/iesmva\/files\/2020\/02\/foto01-scaled.jpeg 2560w, https:\/\/blogsaverroes.juntadeandalucia.es\/iesmva\/files\/2020\/02\/foto01-300x225.jpeg 300w, https:\/\/blogsaverroes.juntadeandalucia.es\/iesmva\/files\/2020\/02\/foto01-1024x768.jpeg 1024w, https:\/\/blogsaverroes.juntadeandalucia.es\/iesmva\/files\/2020\/02\/foto01-768x576.jpeg 768w, https:\/\/blogsaverroes.juntadeandalucia.es\/iesmva\/files\/2020\/02\/foto01-1536x1152.jpeg 1536w, https:\/\/blogsaverroes.juntadeandalucia.es\/iesmva\/files\/2020\/02\/foto01-2048x1536.jpeg 2048w, https:\/\/blogsaverroes.juntadeandalucia.es\/iesmva\/files\/2020\/02\/foto01-510x382.jpeg 510w, https:\/\/blogsaverroes.juntadeandalucia.es\/iesmva\/files\/2020\/02\/foto01-1080x810.jpeg 1080w, https:\/\/blogsaverroes.juntadeandalucia.es\/iesmva\/files\/2020\/02\/foto01-1280x960.jpeg 1280w, https:\/\/blogsaverroes.juntadeandalucia.es\/iesmva\/files\/2020\/02\/foto01-980x735.jpeg 980w, https:\/\/blogsaverroes.juntadeandalucia.es\/iesmva\/files\/2020\/02\/foto01-480x360.jpeg 480w\" sizes=\"(max-width: 709px) 85vw, (max-width: 909px) 67vw, (max-width: 1362px) 62vw, 840px\" \/><\/a>\n\t\t\t<\/div><\/figure><figure class='gallery-item'>\n\t\t\t<div class='gallery-icon landscape'>\n\t\t\t\t<a href='https:\/\/blogsaverroes.juntadeandalucia.es\/iesmva\/files\/2020\/02\/foto03.jpeg'><img loading=\"lazy\" decoding=\"async\" width=\"1600\" height=\"1200\" src=\"https:\/\/blogsaverroes.juntadeandalucia.es\/iesmva\/files\/2020\/02\/foto03.jpeg\" class=\"attachment-full size-full\" alt=\"\" srcset=\"https:\/\/blogsaverroes.juntadeandalucia.es\/iesmva\/files\/2020\/02\/foto03.jpeg 1600w, https:\/\/blogsaverroes.juntadeandalucia.es\/iesmva\/files\/2020\/02\/foto03-300x225.jpeg 300w, https:\/\/blogsaverroes.juntadeandalucia.es\/iesmva\/files\/2020\/02\/foto03-1024x768.jpeg 1024w, https:\/\/blogsaverroes.juntadeandalucia.es\/iesmva\/files\/2020\/02\/foto03-768x576.jpeg 768w, https:\/\/blogsaverroes.juntadeandalucia.es\/iesmva\/files\/2020\/02\/foto03-1536x1152.jpeg 1536w, https:\/\/blogsaverroes.juntadeandalucia.es\/iesmva\/files\/2020\/02\/foto03-510x382.jpeg 510w, https:\/\/blogsaverroes.juntadeandalucia.es\/iesmva\/files\/2020\/02\/foto03-1080x810.jpeg 1080w, https:\/\/blogsaverroes.juntadeandalucia.es\/iesmva\/files\/2020\/02\/foto03-1280x960.jpeg 1280w, https:\/\/blogsaverroes.juntadeandalucia.es\/iesmva\/files\/2020\/02\/foto03-980x735.jpeg 980w, https:\/\/blogsaverroes.juntadeandalucia.es\/iesmva\/files\/2020\/02\/foto03-480x360.jpeg 480w\" sizes=\"(max-width: 709px) 85vw, (max-width: 909px) 67vw, (max-width: 1362px) 62vw, 840px\" \/><\/a>\n\t\t\t<\/div><\/figure><figure class='gallery-item'>\n\t\t\t<div class='gallery-icon landscape'>\n\t\t\t\t<a href='https:\/\/blogsaverroes.juntadeandalucia.es\/iesmva\/files\/2020\/02\/foto04-scaled.jpeg'><img loading=\"lazy\" decoding=\"async\" width=\"2560\" height=\"1920\" src=\"https:\/\/blogsaverroes.juntadeandalucia.es\/iesmva\/files\/2020\/02\/foto04-scaled.jpeg\" class=\"attachment-full size-full\" alt=\"\" srcset=\"https:\/\/blogsaverroes.juntadeandalucia.es\/iesmva\/files\/2020\/02\/foto04-scaled.jpeg 2560w, https:\/\/blogsaverroes.juntadeandalucia.es\/iesmva\/files\/2020\/02\/foto04-300x225.jpeg 300w, https:\/\/blogsaverroes.juntadeandalucia.es\/iesmva\/files\/2020\/02\/foto04-1024x768.jpeg 1024w, https:\/\/blogsaverroes.juntadeandalucia.es\/iesmva\/files\/2020\/02\/foto04-768x576.jpeg 768w, https:\/\/blogsaverroes.juntadeandalucia.es\/iesmva\/files\/2020\/02\/foto04-1536x1152.jpeg 1536w, https:\/\/blogsaverroes.juntadeandalucia.es\/iesmva\/files\/2020\/02\/foto04-2048x1536.jpeg 2048w, https:\/\/blogsaverroes.juntadeandalucia.es\/iesmva\/files\/2020\/02\/foto04-510x382.jpeg 510w, https:\/\/blogsaverroes.juntadeandalucia.es\/iesmva\/files\/2020\/02\/foto04-1080x810.jpeg 1080w, https:\/\/blogsaverroes.juntadeandalucia.es\/iesmva\/files\/2020\/02\/foto04-1280x960.jpeg 1280w, https:\/\/blogsaverroes.juntadeandalucia.es\/iesmva\/files\/2020\/02\/foto04-980x735.jpeg 980w, https:\/\/blogsaverroes.juntadeandalucia.es\/iesmva\/files\/2020\/02\/foto04-480x360.jpeg 480w\" sizes=\"(max-width: 709px) 85vw, (max-width: 909px) 67vw, (max-width: 1362px) 62vw, 840px\" \/><\/a>\n\t\t\t<\/div><\/figure>\n\t\t<\/div>\n\n<p>Como en cursos anteriores y con motivo del d\u00eda de San Valent\u00edn, se ha celebrado la X edici\u00f3n del <strong>concurso de &#8220;poes\u00eda matem\u00e1tica&#8221;,<\/strong> organizado por el departamento de Matem\u00e1ticas; un evento en el que romanticismo y matem\u00e1ticas se dan la mano para inspirar poes\u00edas de amor creadas por el alumnado.<\/p>\n<p>La alta participaci\u00f3n producida en esta edici\u00f3n demuestra el \u00e9xito de esta convocatoria. La organizaci\u00f3n del concurso felicita a todos\/as los\/as participantes por la gran calidad de los trabajos presentados. En fecha pr\u00f3xima, el jurado dar\u00e1 a conocer los ganadores o ganadoras del concurso.<\/p>\n","protected":false},"excerpt":{"rendered":"<p>Como en cursos anteriores y con motivo del d\u00eda de San Valent\u00edn, se ha celebrado la X edici\u00f3n del concurso de &#8220;poes\u00eda matem\u00e1tica&#8221;, organizado por el departamento de Matem\u00e1ticas; un evento en el que romanticismo y matem\u00e1ticas se dan la mano para inspirar poes\u00edas de amor creadas por el alumnado. La alta participaci\u00f3n producida en &hellip; <a href=\"https:\/\/blogsaverroes.juntadeandalucia.es\/iesmva\/poesias-matematicas\/\" class=\"more-link\">Continuar leyendo<span class=\"screen-reader-text\"> &#8220;Poes\u00eda matem\u00e1tica&#8221;<\/span><\/a><\/p>\n","protected":false},"author":15187,"featured_media":0,"comment_status":"closed","ping_status":"open","sticky":false,"template":"","format":"standard","meta":{"ngg_post_thumbnail":0,"footnotes":""},"categories":[18],"tags":[],"aioseo_notices":[],"_links":{"self":[{"href":"https:\/\/blogsaverroes.juntadeandalucia.es\/iesmva\/wp-json\/wp\/v2\/posts\/578"}],"collection":[{"href":"https:\/\/blogsaverroes.juntadeandalucia.es\/iesmva\/wp-json\/wp\/v2\/posts"}],"about":[{"href":"https:\/\/blogsaverroes.juntadeandalucia.es\/iesmva\/wp-json\/wp\/v2\/types\/post"}],"author":[{"embeddable":true,"href":"https:\/\/blogsaverroes.juntadeandalucia.es\/iesmva\/wp-json\/wp\/v2\/users\/15187"}],"replies":[{"embeddable":true,"href":"https:\/\/blogsaverroes.juntadeandalucia.es\/iesmva\/wp-json\/wp\/v2\/comments?post=578"}],"version-history":[{"count":0,"href":"https:\/\/blogsaverroes.juntadeandalucia.es\/iesmva\/wp-json\/wp\/v2\/posts\/578\/revisions"}],"wp:attachment":[{"href":"https:\/\/blogsaverroes.juntadeandalucia.es\/iesmva\/wp-json\/wp\/v2\/media?parent=578"}],"wp:term":[{"taxonomy":"category","embeddable":true,"href":"https:\/\/blogsaverroes.juntadeandalucia.es\/iesmva\/wp-json\/wp\/v2\/categories?post=578"},{"taxonomy":"post_tag","embeddable":true,"href":"https:\/\/blogsaverroes.juntadeandalucia.es\/iesmva\/wp-json\/wp\/v2\/tags?post=578"}],"curies":[{"name":"wp","href":"https:\/\/api.w.org\/{rel}","templated":true}]}}