{"id":593,"date":"2020-02-23T19:09:07","date_gmt":"2020-02-23T19:09:07","guid":{"rendered":"http:\/\/iesmva.net\/?p=593"},"modified":"2020-02-23T19:09:07","modified_gmt":"2020-02-23T19:09:07","slug":"mediadores-en-conoce-tu-comarca","status":"publish","type":"post","link":"https:\/\/blogsaverroes.juntadeandalucia.es\/iesmva\/mediadores-en-conoce-tu-comarca\/","title":{"rendered":"Mediadores en &#8220;Conoce tu Comarca&#8221;"},"content":{"rendered":"<div id='gallery-1' class='gallery galleryid-593 gallery-columns-1 gallery-size-full'><figure class='gallery-item'>\n\t\t\t<div class='gallery-icon landscape'>\n\t\t\t\t<a href='https:\/\/blogsaverroes.juntadeandalucia.es\/iesmva\/mediadores-en-conoce-tu-comarca\/img-07066\/'><img loading=\"lazy\" decoding=\"async\" width=\"640\" height=\"478\" src=\"https:\/\/blogsaverroes.juntadeandalucia.es\/iesmva\/files\/2020\/02\/IMG-07066.png\" class=\"attachment-full size-full\" alt=\"\" srcset=\"https:\/\/blogsaverroes.juntadeandalucia.es\/iesmva\/files\/2020\/02\/IMG-07066.png 640w, https:\/\/blogsaverroes.juntadeandalucia.es\/iesmva\/files\/2020\/02\/IMG-07066-300x224.png 300w, https:\/\/blogsaverroes.juntadeandalucia.es\/iesmva\/files\/2020\/02\/IMG-07066-510x382.png 510w, https:\/\/blogsaverroes.juntadeandalucia.es\/iesmva\/files\/2020\/02\/IMG-07066-480x359.png 480w\" sizes=\"(max-width: 709px) 85vw, (max-width: 909px) 67vw, (max-width: 984px) 61vw, (max-width: 1362px) 45vw, 600px\" \/><\/a>\n\t\t\t<\/div><\/figure><figure class='gallery-item'>\n\t\t\t<div class='gallery-icon landscape'>\n\t\t\t\t<a href='https:\/\/blogsaverroes.juntadeandalucia.es\/iesmva\/mediadores-en-conoce-tu-comarca\/img-0701\/'><img loading=\"lazy\" decoding=\"async\" width=\"2560\" height=\"1920\" src=\"https:\/\/blogsaverroes.juntadeandalucia.es\/iesmva\/files\/2020\/02\/IMG-0701-scaled.jpg\" class=\"attachment-full size-full\" alt=\"\" srcset=\"https:\/\/blogsaverroes.juntadeandalucia.es\/iesmva\/files\/2020\/02\/IMG-0701-scaled.jpg 2560w, https:\/\/blogsaverroes.juntadeandalucia.es\/iesmva\/files\/2020\/02\/IMG-0701-300x225.jpg 300w, https:\/\/blogsaverroes.juntadeandalucia.es\/iesmva\/files\/2020\/02\/IMG-0701-1024x768.jpg 1024w, https:\/\/blogsaverroes.juntadeandalucia.es\/iesmva\/files\/2020\/02\/IMG-0701-768x576.jpg 768w, https:\/\/blogsaverroes.juntadeandalucia.es\/iesmva\/files\/2020\/02\/IMG-0701-1536x1152.jpg 1536w, https:\/\/blogsaverroes.juntadeandalucia.es\/iesmva\/files\/2020\/02\/IMG-0701-2048x1536.jpg 2048w, https:\/\/blogsaverroes.juntadeandalucia.es\/iesmva\/files\/2020\/02\/IMG-0701-510x382.jpg 510w, https:\/\/blogsaverroes.juntadeandalucia.es\/iesmva\/files\/2020\/02\/IMG-0701-1080x810.jpg 1080w, https:\/\/blogsaverroes.juntadeandalucia.es\/iesmva\/files\/2020\/02\/IMG-0701-1280x960.jpg 1280w, https:\/\/blogsaverroes.juntadeandalucia.es\/iesmva\/files\/2020\/02\/IMG-0701-980x735.jpg 980w, https:\/\/blogsaverroes.juntadeandalucia.es\/iesmva\/files\/2020\/02\/IMG-0701-480x360.jpg 480w\" sizes=\"(max-width: 709px) 85vw, (max-width: 909px) 67vw, (max-width: 1362px) 62vw, 840px\" \/><\/a>\n\t\t\t<\/div><\/figure><figure class='gallery-item'>\n\t\t\t<div class='gallery-icon landscape'>\n\t\t\t\t<a href='https:\/\/blogsaverroes.juntadeandalucia.es\/iesmva\/screenshot_2020-03-09-google-maps\/'><img loading=\"lazy\" decoding=\"async\" width=\"1414\" height=\"703\" src=\"https:\/\/blogsaverroes.juntadeandalucia.es\/iesmva\/files\/2020\/03\/Screenshot_2020-03-09-Google-Maps.jpg\" class=\"attachment-full size-full\" alt=\"\" srcset=\"https:\/\/blogsaverroes.juntadeandalucia.es\/iesmva\/files\/2020\/03\/Screenshot_2020-03-09-Google-Maps.jpg 1414w, https:\/\/blogsaverroes.juntadeandalucia.es\/iesmva\/files\/2020\/03\/Screenshot_2020-03-09-Google-Maps-300x149.jpg 300w, https:\/\/blogsaverroes.juntadeandalucia.es\/iesmva\/files\/2020\/03\/Screenshot_2020-03-09-Google-Maps-1024x509.jpg 1024w, https:\/\/blogsaverroes.juntadeandalucia.es\/iesmva\/files\/2020\/03\/Screenshot_2020-03-09-Google-Maps-768x382.jpg 768w, https:\/\/blogsaverroes.juntadeandalucia.es\/iesmva\/files\/2020\/03\/Screenshot_2020-03-09-Google-Maps-1080x537.jpg 1080w, https:\/\/blogsaverroes.juntadeandalucia.es\/iesmva\/files\/2020\/03\/Screenshot_2020-03-09-Google-Maps-1280x636.jpg 1280w, https:\/\/blogsaverroes.juntadeandalucia.es\/iesmva\/files\/2020\/03\/Screenshot_2020-03-09-Google-Maps-980x487.jpg 980w, https:\/\/blogsaverroes.juntadeandalucia.es\/iesmva\/files\/2020\/03\/Screenshot_2020-03-09-Google-Maps-480x239.jpg 480w, https:\/\/blogsaverroes.juntadeandalucia.es\/iesmva\/files\/2020\/03\/Screenshot_2020-03-09-Google-Maps-24x12.jpg 24w, https:\/\/blogsaverroes.juntadeandalucia.es\/iesmva\/files\/2020\/03\/Screenshot_2020-03-09-Google-Maps-36x18.jpg 36w, https:\/\/blogsaverroes.juntadeandalucia.es\/iesmva\/files\/2020\/03\/Screenshot_2020-03-09-Google-Maps-48x24.jpg 48w\" sizes=\"(max-width: 709px) 85vw, (max-width: 909px) 67vw, (max-width: 1362px) 62vw, 840px\" \/><\/a>\n\t\t\t<\/div><\/figure><figure class='gallery-item'>\n\t\t\t<div class='gallery-icon landscape'>\n\t\t\t\t<a href='https:\/\/blogsaverroes.juntadeandalucia.es\/iesmva\/mediadores-en-conoce-tu-comarca\/img-0694\/'><img loading=\"lazy\" decoding=\"async\" width=\"2560\" height=\"1920\" src=\"https:\/\/blogsaverroes.juntadeandalucia.es\/iesmva\/files\/2020\/02\/IMG-0694-scaled.jpg\" class=\"attachment-full size-full\" alt=\"\" srcset=\"https:\/\/blogsaverroes.juntadeandalucia.es\/iesmva\/files\/2020\/02\/IMG-0694-scaled.jpg 2560w, https:\/\/blogsaverroes.juntadeandalucia.es\/iesmva\/files\/2020\/02\/IMG-0694-300x225.jpg 300w, https:\/\/blogsaverroes.juntadeandalucia.es\/iesmva\/files\/2020\/02\/IMG-0694-1024x768.jpg 1024w, https:\/\/blogsaverroes.juntadeandalucia.es\/iesmva\/files\/2020\/02\/IMG-0694-768x576.jpg 768w, https:\/\/blogsaverroes.juntadeandalucia.es\/iesmva\/files\/2020\/02\/IMG-0694-1536x1152.jpg 1536w, https:\/\/blogsaverroes.juntadeandalucia.es\/iesmva\/files\/2020\/02\/IMG-0694-2048x1536.jpg 2048w, https:\/\/blogsaverroes.juntadeandalucia.es\/iesmva\/files\/2020\/02\/IMG-0694-510x382.jpg 510w, https:\/\/blogsaverroes.juntadeandalucia.es\/iesmva\/files\/2020\/02\/IMG-0694-1080x810.jpg 1080w, https:\/\/blogsaverroes.juntadeandalucia.es\/iesmva\/files\/2020\/02\/IMG-0694-1280x960.jpg 1280w, https:\/\/blogsaverroes.juntadeandalucia.es\/iesmva\/files\/2020\/02\/IMG-0694-980x735.jpg 980w, https:\/\/blogsaverroes.juntadeandalucia.es\/iesmva\/files\/2020\/02\/IMG-0694-480x360.jpg 480w\" sizes=\"(max-width: 709px) 85vw, (max-width: 909px) 67vw, (max-width: 1362px) 62vw, 840px\" \/><\/a>\n\t\t\t<\/div><\/figure><figure class='gallery-item'>\n\t\t\t<div class='gallery-icon landscape'>\n\t\t\t\t<a href='https:\/\/blogsaverroes.juntadeandalucia.es\/iesmva\/mediadores-en-conoce-tu-comarca\/img-0691\/'><img loading=\"lazy\" decoding=\"async\" width=\"2560\" height=\"1920\" src=\"https:\/\/blogsaverroes.juntadeandalucia.es\/iesmva\/files\/2020\/02\/IMG-0691-scaled.jpg\" class=\"attachment-full size-full\" alt=\"\" srcset=\"https:\/\/blogsaverroes.juntadeandalucia.es\/iesmva\/files\/2020\/02\/IMG-0691-scaled.jpg 2560w, https:\/\/blogsaverroes.juntadeandalucia.es\/iesmva\/files\/2020\/02\/IMG-0691-300x225.jpg 300w, https:\/\/blogsaverroes.juntadeandalucia.es\/iesmva\/files\/2020\/02\/IMG-0691-1024x768.jpg 1024w, https:\/\/blogsaverroes.juntadeandalucia.es\/iesmva\/files\/2020\/02\/IMG-0691-768x576.jpg 768w, https:\/\/blogsaverroes.juntadeandalucia.es\/iesmva\/files\/2020\/02\/IMG-0691-1536x1152.jpg 1536w, https:\/\/blogsaverroes.juntadeandalucia.es\/iesmva\/files\/2020\/02\/IMG-0691-2048x1536.jpg 2048w, https:\/\/blogsaverroes.juntadeandalucia.es\/iesmva\/files\/2020\/02\/IMG-0691-510x382.jpg 510w, https:\/\/blogsaverroes.juntadeandalucia.es\/iesmva\/files\/2020\/02\/IMG-0691-1080x810.jpg 1080w, https:\/\/blogsaverroes.juntadeandalucia.es\/iesmva\/files\/2020\/02\/IMG-0691-1280x960.jpg 1280w, https:\/\/blogsaverroes.juntadeandalucia.es\/iesmva\/files\/2020\/02\/IMG-0691-980x735.jpg 980w, https:\/\/blogsaverroes.juntadeandalucia.es\/iesmva\/files\/2020\/02\/IMG-0691-480x360.jpg 480w\" sizes=\"(max-width: 709px) 85vw, (max-width: 909px) 67vw, (max-width: 1362px) 62vw, 840px\" \/><\/a>\n\t\t\t<\/div><\/figure>\n\t\t<\/div>\n\n<p>Un grupo de alumnos y alumnas mediadores de nuestro centro particip\u00f3 junto con compa\u00f1eros mediadores de otros centros en la actividad <a href=\"http:\/\/www.valledelguadalhorce.com\/noticias-411-Finaliza-con-%C3%A9xito-la-actividad-%E2%80%9CConoce-tu-Comarca%E2%80%9D\">&#8220;Conoce tu Comarca&#8221;<\/a> organizada por el <a href=\"http:\/\/www.valledelguadalhorce.com\/\">grupo de desarrollo rural de la comarca Valle del Guadalhorce<\/a> en colaboraci\u00f3n con diversas empresas del entorno. El programa pretende acercar y difundir iniciativas empresariales de \u00e9xito para que la poblaci\u00f3n conozca de primera mano el tejido empresarial de la zona.<\/p>\n<p>La actividad propici\u00f3, adem\u00e1s, un encuentro y convivencia del alumnado mediador de diversos centros de la comarca, para compartir experiencias y planificar actividades conjuntas a realizar en un futuro cercano.<\/p>\n<p>Fue una jornada intensa y muy provechosa, en la que nuestros\/as alumnos\/as perfeccionaron su capacitaci\u00f3n en su labor mediadora. Los programas de mediaci\u00f3n entre iguales promueven la participaci\u00f3n activa y planificada del alumnado en la resoluci\u00f3n de conflictos de convivencia entre compa\u00f1eros\/as, proponiendo la empat\u00eda y el di\u00e1logo como estrategias fundamentales.<\/p>\n","protected":false},"excerpt":{"rendered":"<p>Un grupo de alumnos y alumnas mediadores de nuestro centro particip\u00f3 junto con compa\u00f1eros mediadores de otros centros en la actividad &#8220;Conoce tu Comarca&#8221; organizada por el grupo de desarrollo rural de la comarca Valle del Guadalhorce en colaboraci\u00f3n con diversas empresas del entorno. El programa pretende acercar y difundir iniciativas empresariales de \u00e9xito para &hellip; <a href=\"https:\/\/blogsaverroes.juntadeandalucia.es\/iesmva\/mediadores-en-conoce-tu-comarca\/\" class=\"more-link\">Continuar leyendo<span class=\"screen-reader-text\"> &#8220;Mediadores en &#8220;Conoce tu Comarca&#8221;&#8221;<\/span><\/a><\/p>\n","protected":false},"author":15187,"featured_media":0,"comment_status":"closed","ping_status":"open","sticky":false,"template":"","format":"standard","meta":{"ngg_post_thumbnail":0,"footnotes":""},"categories":[10,14],"tags":[27,35,47],"aioseo_notices":[],"_links":{"self":[{"href":"https:\/\/blogsaverroes.juntadeandalucia.es\/iesmva\/wp-json\/wp\/v2\/posts\/593"}],"collection":[{"href":"https:\/\/blogsaverroes.juntadeandalucia.es\/iesmva\/wp-json\/wp\/v2\/posts"}],"about":[{"href":"https:\/\/blogsaverroes.juntadeandalucia.es\/iesmva\/wp-json\/wp\/v2\/types\/post"}],"author":[{"embeddable":true,"href":"https:\/\/blogsaverroes.juntadeandalucia.es\/iesmva\/wp-json\/wp\/v2\/users\/15187"}],"replies":[{"embeddable":true,"href":"https:\/\/blogsaverroes.juntadeandalucia.es\/iesmva\/wp-json\/wp\/v2\/comments?post=593"}],"version-history":[{"count":0,"href":"https:\/\/blogsaverroes.juntadeandalucia.es\/iesmva\/wp-json\/wp\/v2\/posts\/593\/revisions"}],"wp:attachment":[{"href":"https:\/\/blogsaverroes.juntadeandalucia.es\/iesmva\/wp-json\/wp\/v2\/media?parent=593"}],"wp:term":[{"taxonomy":"category","embeddable":true,"href":"https:\/\/blogsaverroes.juntadeandalucia.es\/iesmva\/wp-json\/wp\/v2\/categories?post=593"},{"taxonomy":"post_tag","embeddable":true,"href":"https:\/\/blogsaverroes.juntadeandalucia.es\/iesmva\/wp-json\/wp\/v2\/tags?post=593"}],"curies":[{"name":"wp","href":"https:\/\/api.w.org\/{rel}","templated":true}]}}