{"id":955,"date":"2020-10-04T21:41:30","date_gmt":"2020-10-04T21:41:30","guid":{"rendered":"http:\/\/iesmva.net\/?p=955"},"modified":"2020-10-04T21:41:30","modified_gmt":"2020-10-04T21:41:30","slug":"acompanamiento-2","status":"publish","type":"post","link":"https:\/\/blogsaverroes.juntadeandalucia.es\/iesmva\/acompanamiento-2\/","title":{"rendered":"ACOMPA\u00d1AMIENTO"},"content":{"rendered":"<p>El pr\u00f3ximo lunes 5 de octubre se reanudar\u00e1n las clases de acompa\u00f1amiento escolar.<\/p>\n","protected":false},"excerpt":{"rendered":"<p>El pr\u00f3ximo lunes 5 de octubre se reanudar\u00e1n las clases de acompa\u00f1amiento escolar.<\/p>\n","protected":false},"author":15191,"featured_media":0,"comment_status":"closed","ping_status":"open","sticky":false,"template":"","format":"standard","meta":{"ngg_post_thumbnail":0,"footnotes":""},"categories":[11],"tags":[],"aioseo_notices":[],"_links":{"self":[{"href":"https:\/\/blogsaverroes.juntadeandalucia.es\/iesmva\/wp-json\/wp\/v2\/posts\/955"}],"collection":[{"href":"https:\/\/blogsaverroes.juntadeandalucia.es\/iesmva\/wp-json\/wp\/v2\/posts"}],"about":[{"href":"https:\/\/blogsaverroes.juntadeandalucia.es\/iesmva\/wp-json\/wp\/v2\/types\/post"}],"author":[{"embeddable":true,"href":"https:\/\/blogsaverroes.juntadeandalucia.es\/iesmva\/wp-json\/wp\/v2\/users\/15191"}],"replies":[{"embeddable":true,"href":"https:\/\/blogsaverroes.juntadeandalucia.es\/iesmva\/wp-json\/wp\/v2\/comments?post=955"}],"version-history":[{"count":0,"href":"https:\/\/blogsaverroes.juntadeandalucia.es\/iesmva\/wp-json\/wp\/v2\/posts\/955\/revisions"}],"wp:attachment":[{"href":"https:\/\/blogsaverroes.juntadeandalucia.es\/iesmva\/wp-json\/wp\/v2\/media?parent=955"}],"wp:term":[{"taxonomy":"category","embeddable":true,"href":"https:\/\/blogsaverroes.juntadeandalucia.es\/iesmva\/wp-json\/wp\/v2\/categories?post=955"},{"taxonomy":"post_tag","embeddable":true,"href":"https:\/\/blogsaverroes.juntadeandalucia.es\/iesmva\/wp-json\/wp\/v2\/tags?post=955"}],"curies":[{"name":"wp","href":"https:\/\/api.w.org\/{rel}","templated":true}]}}