{"id":1486,"date":"2021-04-21T17:53:46","date_gmt":"2021-04-21T17:53:46","guid":{"rendered":"https:\/\/blogsaverroes.juntadeandalucia.es\/iesnazari\/?p=1486"},"modified":"2021-04-23T20:27:15","modified_gmt":"2021-04-23T20:27:15","slug":"dia-del-libro-23-abril","status":"publish","type":"post","link":"https:\/\/blogsaverroes.juntadeandalucia.es\/iesnazari\/dia-del-libro-23-abril\/","title":{"rendered":"D\u00cdA del LIBRO &#8211; 23 Abril"},"content":{"rendered":"<p>El&nbsp;<b>D\u00eda Internacional del Libro<\/b> es una efem\u00e9ride que se celebra cada 23 de abril a nivel mundial. Este d\u00eda tiene como objetivo el fomento de la lectura, la promoci\u00f3n de la industria editorial y la protecci\u00f3n de la propiedad intelectual.<\/p>\n<p><a href=\"https:\/\/blogsaverroes.juntadeandalucia.es\/iesnazari\/files\/2021\/04\/20210422_154421-scaled-e1619099339755.jpg\"><img loading=\"lazy\" decoding=\"async\" class=\"alignleft size-large wp-image-1491\" src=\"https:\/\/blogsaverroes.juntadeandalucia.es\/iesnazari\/files\/2021\/04\/20210422_154421-1024x567.jpg\" alt=\"\" width=\"843\" height=\"467\"><\/a><\/p>\n<p><a href=\"https:\/\/blogsaverroes.juntadeandalucia.es\/iesnazari\/files\/2021\/04\/20210422_154259-scaled-e1619099387155.jpg\"><img loading=\"lazy\" decoding=\"async\" class=\"alignleft size-large wp-image-1492\" src=\"https:\/\/blogsaverroes.juntadeandalucia.es\/iesnazari\/files\/2021\/04\/20210422_154259-1024x823.jpg\" alt=\"\" width=\"843\" height=\"678\"><\/a><\/p>\n","protected":false},"excerpt":{"rendered":"<p>El&nbsp;D\u00eda Internacional del Libro es una efem\u00e9ride que se celebra cada 23 de abril a nivel mundial. Este d\u00eda tiene como objetivo el fomento de&hellip;<\/p>\n","protected":false},"author":3523,"featured_media":1487,"comment_status":"open","ping_status":"open","sticky":false,"template":"","format":"standard","meta":{"ngg_post_thumbnail":0,"footnotes":""},"categories":[68],"tags":[40,47],"aioseo_notices":[],"_links":{"self":[{"href":"https:\/\/blogsaverroes.juntadeandalucia.es\/iesnazari\/wp-json\/wp\/v2\/posts\/1486"}],"collection":[{"href":"https:\/\/blogsaverroes.juntadeandalucia.es\/iesnazari\/wp-json\/wp\/v2\/posts"}],"about":[{"href":"https:\/\/blogsaverroes.juntadeandalucia.es\/iesnazari\/wp-json\/wp\/v2\/types\/post"}],"author":[{"embeddable":true,"href":"https:\/\/blogsaverroes.juntadeandalucia.es\/iesnazari\/wp-json\/wp\/v2\/users\/3523"}],"replies":[{"embeddable":true,"href":"https:\/\/blogsaverroes.juntadeandalucia.es\/iesnazari\/wp-json\/wp\/v2\/comments?post=1486"}],"version-history":[{"count":5,"href":"https:\/\/blogsaverroes.juntadeandalucia.es\/iesnazari\/wp-json\/wp\/v2\/posts\/1486\/revisions"}],"predecessor-version":[{"id":1519,"href":"https:\/\/blogsaverroes.juntadeandalucia.es\/iesnazari\/wp-json\/wp\/v2\/posts\/1486\/revisions\/1519"}],"wp:featuredmedia":[{"embeddable":true,"href":"https:\/\/blogsaverroes.juntadeandalucia.es\/iesnazari\/wp-json\/wp\/v2\/media\/1487"}],"wp:attachment":[{"href":"https:\/\/blogsaverroes.juntadeandalucia.es\/iesnazari\/wp-json\/wp\/v2\/media?parent=1486"}],"wp:term":[{"taxonomy":"category","embeddable":true,"href":"https:\/\/blogsaverroes.juntadeandalucia.es\/iesnazari\/wp-json\/wp\/v2\/categories?post=1486"},{"taxonomy":"post_tag","embeddable":true,"href":"https:\/\/blogsaverroes.juntadeandalucia.es\/iesnazari\/wp-json\/wp\/v2\/tags?post=1486"}],"curies":[{"name":"wp","href":"https:\/\/api.w.org\/{rel}","templated":true}]}}