{"id":1738,"date":"2021-06-07T20:35:34","date_gmt":"2021-06-07T20:35:34","guid":{"rendered":"https:\/\/blogsaverroes.juntadeandalucia.es\/iesnazari\/?p=1738"},"modified":"2021-06-27T08:14:11","modified_gmt":"2021-06-27T08:14:11","slug":"exposicion-ana-frank","status":"publish","type":"post","link":"https:\/\/blogsaverroes.juntadeandalucia.es\/iesnazari\/exposicion-ana-frank\/","title":{"rendered":"EL AULA ESPEC\u00cdFICA DEL I.E.S. NAZAR\u00cd PRESENTA LA EXPOSICI\u00d3N ANA FRANK"},"content":{"rendered":"<p style=\"text-align: left\"><a href=\"https:\/\/blogsaverroes.juntadeandalucia.es\/iesnazari\/files\/2021\/06\/expo-ana-portada.jpg\"><img loading=\"lazy\" decoding=\"async\" class=\"wp-image-1748 alignleft\" src=\"https:\/\/blogsaverroes.juntadeandalucia.es\/iesnazari\/files\/2021\/06\/expo-ana-portada-724x1024.jpg\" alt=\"\" width=\"317\" height=\"449\" srcset=\"https:\/\/blogsaverroes.juntadeandalucia.es\/iesnazari\/files\/2021\/06\/expo-ana-portada-724x1024.jpg 724w, https:\/\/blogsaverroes.juntadeandalucia.es\/iesnazari\/files\/2021\/06\/expo-ana-portada-212x300.jpg 212w, https:\/\/blogsaverroes.juntadeandalucia.es\/iesnazari\/files\/2021\/06\/expo-ana-portada-768x1086.jpg 768w, https:\/\/blogsaverroes.juntadeandalucia.es\/iesnazari\/files\/2021\/06\/expo-ana-portada.jpg 794w\" sizes=\"(max-width: 317px) 100vw, 317px\" \/><\/a><\/p>\n<p style=\"text-align: left\"><span style=\"font-size: 14pt;font-family: arial, helvetica, sans-serif\">Desde el <strong>1 junio al 30 septiembre 2021<\/strong>, el Instituto Nazar\u00ed de Salobre\u00f1a, concretamente el <em><strong>Aula Espec\u00edfica,<\/strong><\/em> muestra la exposici\u00f3n ANA FRANK, una visi\u00f3n multidisciplinar de esta historia real mundialmente conocida. Un recorrido desde distintos puntos de vista, adentraran al visitante en una experiencia \u00fanica para entender la dimensi\u00f3n humana que hay en la vida de Ana Frank.<\/span><\/p>\n<p><span style=\"font-family: arial, helvetica, sans-serif\"><span style=\"font-size: medium\"><b>EL PROYECTO SOBRE LA VIDA DE ANA FRANK <\/b><\/span><\/span><\/p>\n<p><span style=\"font-family: arial, helvetica, sans-serif\"><span style=\"font-size: medium\">La idea de realizar un Proyecto de Aprendizaje en el aula espec\u00edfica surgi\u00f3 durante el curso pasado a ra\u00edz del inter\u00e9s que Ana suscit\u00f3 en el grupo durante la lectura compartida de una versi\u00f3n sencilla de su diario.<\/span><\/span><\/p>\n<p><span style=\"font-family: arial, helvetica, sans-serif\"><span style=\"font-size: medium\">A medida que \u00edbamos conociendo su historia, se nos planteaban muchas cuestiones sobre el porqu\u00e9 de una vida y unas circunstancias tan duras y diferentes a las nuestras en una ni\u00f1a de su edad. <\/span><\/span><\/p>\n<p><span style=\"font-family: arial, helvetica, sans-serif\"><span style=\"font-size: medium\">Con objeto de dar respuesta a esas inquietudes, nos propusimos indagar en su vida, en el contexto hist\u00f3rico y social del momento y, como producto final, realizar una exposici\u00f3n en el centro para dar a conocer nuestro trabajo.<\/span><\/span><\/p>\n<p><span style=\"font-family: arial, helvetica, sans-serif\"><span style=\"font-size: medium\">As\u00ed, Ana Frank se convirti\u00f3 en el eje con el que abordar de forma globalizada las diferentes \u00e1reas: Lengua, Matem\u00e1tica, C. Naturales, <\/span><\/span><span style=\"font-family: arial, helvetica, sans-serif\"><span style=\"font-size: medium\">C. Sociales, E. Art\u00edstica, Taller de Sentimientos, Habilidades sociales y Valores. <\/span><\/span><\/p>\n<p><span style=\"font-family: arial, helvetica, sans-serif\"><span style=\"font-size: medium\">En esta exposici\u00f3n se recoge nuestro trabajo y la informaci\u00f3n que nos ha ayudado a conocer mejor la vida de una joven tan singular.<\/span><\/span><\/p>\n<p><span style=\"font-family: arial, helvetica, sans-serif\"><span style=\"font-size: medium\">Queremos agradecer al profesor Fernando de Ingl\u00e9s su ayuda y dedicaci\u00f3n, sin \u00e9l esta exposici\u00f3n hubiera sido imposible.<\/span><\/span><\/p>\n<p><strong><span style=\"font-family: arial, helvetica, sans-serif\">Somos Javi, \u00c1lvaro, Luc\u00eda, Ikram, Pablo, Ra\u00fal, Miguel y Cornel.<\/span><\/strong><\/p>\n<p><span style=\"font-family: arial, helvetica, sans-serif\"><span style=\"font-size: medium\">\u00a1Esperamos que os guste!<\/span><\/span><\/p>\n<p style=\"text-align: left\"><span style=\"font-size: 14pt;font-family: arial, helvetica, sans-serif\">\u00a1Os esperamos!<\/span><\/p>\n<p><strong><span style=\"font-family: Comic Sans MS, serif\"><span style=\"font-size: medium\">Aula espec\u00edfica Curso 2020-21<\/span><\/span><\/strong><\/p>\n<p><a href=\"https:\/\/blogsaverroes.juntadeandalucia.es\/iesnazari\/files\/2021\/06\/Captura-de-pantalla-2021-06-09-200156.jpg\"><img loading=\"lazy\" decoding=\"async\" class=\"aligncenter size-full wp-image-1801\" src=\"https:\/\/blogsaverroes.juntadeandalucia.es\/iesnazari\/files\/2021\/06\/Captura-de-pantalla-2021-06-09-200156.jpg\" alt=\"\" width=\"1008\" height=\"474\" srcset=\"https:\/\/blogsaverroes.juntadeandalucia.es\/iesnazari\/files\/2021\/06\/Captura-de-pantalla-2021-06-09-200156.jpg 1008w, https:\/\/blogsaverroes.juntadeandalucia.es\/iesnazari\/files\/2021\/06\/Captura-de-pantalla-2021-06-09-200156-300x141.jpg 300w, https:\/\/blogsaverroes.juntadeandalucia.es\/iesnazari\/files\/2021\/06\/Captura-de-pantalla-2021-06-09-200156-768x361.jpg 768w\" sizes=\"(max-width: 1008px) 100vw, 1008px\" \/><\/a><\/p>\n<p><a href=\"https:\/\/blogsaverroes.juntadeandalucia.es\/iesnazari\/files\/2021\/06\/Captura-de-pantalla-2021-06-09-200106.jpg\"><img loading=\"lazy\" decoding=\"async\" class=\"aligncenter size-full wp-image-1802\" src=\"https:\/\/blogsaverroes.juntadeandalucia.es\/iesnazari\/files\/2021\/06\/Captura-de-pantalla-2021-06-09-200106.jpg\" alt=\"\" width=\"962\" height=\"464\" srcset=\"https:\/\/blogsaverroes.juntadeandalucia.es\/iesnazari\/files\/2021\/06\/Captura-de-pantalla-2021-06-09-200106.jpg 962w, https:\/\/blogsaverroes.juntadeandalucia.es\/iesnazari\/files\/2021\/06\/Captura-de-pantalla-2021-06-09-200106-300x145.jpg 300w, https:\/\/blogsaverroes.juntadeandalucia.es\/iesnazari\/files\/2021\/06\/Captura-de-pantalla-2021-06-09-200106-768x370.jpg 768w\" sizes=\"(max-width: 962px) 100vw, 962px\" \/><\/a><\/p>\n<p><a href=\"https:\/\/blogsaverroes.juntadeandalucia.es\/iesnazari\/files\/2021\/06\/Captura-de-pantalla-2021-06-09-200246.jpg\"><img loading=\"lazy\" decoding=\"async\" class=\"aligncenter size-full wp-image-1800\" src=\"https:\/\/blogsaverroes.juntadeandalucia.es\/iesnazari\/files\/2021\/06\/Captura-de-pantalla-2021-06-09-200246.jpg\" alt=\"\" width=\"975\" height=\"493\" srcset=\"https:\/\/blogsaverroes.juntadeandalucia.es\/iesnazari\/files\/2021\/06\/Captura-de-pantalla-2021-06-09-200246.jpg 975w, https:\/\/blogsaverroes.juntadeandalucia.es\/iesnazari\/files\/2021\/06\/Captura-de-pantalla-2021-06-09-200246-300x152.jpg 300w, https:\/\/blogsaverroes.juntadeandalucia.es\/iesnazari\/files\/2021\/06\/Captura-de-pantalla-2021-06-09-200246-768x388.jpg 768w\" sizes=\"(max-width: 975px) 100vw, 975px\" \/><\/a><\/p>\n<p><a href=\"https:\/\/blogsaverroes.juntadeandalucia.es\/iesnazari\/files\/2021\/06\/Captura-de-pantalla-2021-06-09-195853.jpg\"><img loading=\"lazy\" decoding=\"async\" class=\"aligncenter size-full wp-image-1803\" src=\"https:\/\/blogsaverroes.juntadeandalucia.es\/iesnazari\/files\/2021\/06\/Captura-de-pantalla-2021-06-09-195853.jpg\" alt=\"\" width=\"948\" height=\"482\" srcset=\"https:\/\/blogsaverroes.juntadeandalucia.es\/iesnazari\/files\/2021\/06\/Captura-de-pantalla-2021-06-09-195853.jpg 948w, https:\/\/blogsaverroes.juntadeandalucia.es\/iesnazari\/files\/2021\/06\/Captura-de-pantalla-2021-06-09-195853-300x153.jpg 300w, https:\/\/blogsaverroes.juntadeandalucia.es\/iesnazari\/files\/2021\/06\/Captura-de-pantalla-2021-06-09-195853-768x390.jpg 768w\" sizes=\"(max-width: 948px) 100vw, 948px\" \/><\/a><\/p>\n<p><a href=\"https:\/\/blogsaverroes.juntadeandalucia.es\/iesnazari\/files\/2021\/06\/Captura-de-pantalla-2021-06-09-194951.jpg\"><img loading=\"lazy\" decoding=\"async\" class=\"aligncenter size-full wp-image-1805\" src=\"https:\/\/blogsaverroes.juntadeandalucia.es\/iesnazari\/files\/2021\/06\/Captura-de-pantalla-2021-06-09-194951.jpg\" alt=\"\" width=\"995\" height=\"481\" srcset=\"https:\/\/blogsaverroes.juntadeandalucia.es\/iesnazari\/files\/2021\/06\/Captura-de-pantalla-2021-06-09-194951.jpg 995w, https:\/\/blogsaverroes.juntadeandalucia.es\/iesnazari\/files\/2021\/06\/Captura-de-pantalla-2021-06-09-194951-300x145.jpg 300w, https:\/\/blogsaverroes.juntadeandalucia.es\/iesnazari\/files\/2021\/06\/Captura-de-pantalla-2021-06-09-194951-768x371.jpg 768w\" sizes=\"(max-width: 995px) 100vw, 995px\" \/><\/a><\/p>\n<p style=\"text-align: left\"><span style=\"font-size: 14pt;font-family: arial, helvetica, sans-serif\">Una visita imprescindible en la que descubriremos y nos enriqueceremos. Debemos recordar siempre que estos hechos sucedieron NO HACE MUCHO, NO MUY LEJOS.<\/span><\/p>\n<p><a href=\"https:\/\/blogsaverroes.juntadeandalucia.es\/iesnazari\/files\/2021\/06\/expo-ana-final.jpg\"><img loading=\"lazy\" decoding=\"async\" class=\"aligncenter size-full wp-image-1750\" src=\"https:\/\/blogsaverroes.juntadeandalucia.es\/iesnazari\/files\/2021\/06\/expo-ana-final.jpg\" alt=\"\" width=\"707\" height=\"360\" srcset=\"https:\/\/blogsaverroes.juntadeandalucia.es\/iesnazari\/files\/2021\/06\/expo-ana-final.jpg 707w, https:\/\/blogsaverroes.juntadeandalucia.es\/iesnazari\/files\/2021\/06\/expo-ana-final-300x153.jpg 300w\" sizes=\"(max-width: 707px) 100vw, 707px\" \/><\/a><\/p>\n<p><a href=\"https:\/\/blogsaverroes.juntadeandalucia.es\/iesnazari\/files\/2021\/06\/expo-ana-maqueta.jpg\"><img loading=\"lazy\" decoding=\"async\" class=\"aligncenter size-full wp-image-1753\" src=\"https:\/\/blogsaverroes.juntadeandalucia.es\/iesnazari\/files\/2021\/06\/expo-ana-maqueta.jpg\" alt=\"\" width=\"716\" height=\"265\" srcset=\"https:\/\/blogsaverroes.juntadeandalucia.es\/iesnazari\/files\/2021\/06\/expo-ana-maqueta.jpg 716w, https:\/\/blogsaverroes.juntadeandalucia.es\/iesnazari\/files\/2021\/06\/expo-ana-maqueta-300x111.jpg 300w\" sizes=\"(max-width: 716px) 100vw, 716px\" \/><\/a><\/p>\n<p>&nbsp;<\/p>\n<p><a href=\"https:\/\/blogsaverroes.juntadeandalucia.es\/iesnazari\/files\/2021\/06\/DSC_0071-scaled-e1623188687349.jpg\"><img loading=\"lazy\" decoding=\"async\" class=\"aligncenter wp-image-1762\" src=\"https:\/\/blogsaverroes.juntadeandalucia.es\/iesnazari\/files\/2021\/06\/DSC_0071-1024x683.jpg\" alt=\"\" width=\"716\" height=\"478\"><\/a><\/p>\n<p><a href=\"https:\/\/blogsaverroes.juntadeandalucia.es\/iesnazari\/files\/2021\/06\/DSC_0076-scaled-e1623188759359.jpg\"><img loading=\"lazy\" decoding=\"async\" class=\"aligncenter wp-image-1761\" src=\"https:\/\/blogsaverroes.juntadeandalucia.es\/iesnazari\/files\/2021\/06\/DSC_0076-1024x683.jpg\" alt=\"\" width=\"722\" height=\"482\"><\/a><\/p>\n","protected":false},"excerpt":{"rendered":"<p>Desde el 1 junio al 30 septiembre 2021, el Instituto Nazar\u00ed de Salobre\u00f1a, concretamente el Aula Espec\u00edfica, muestra la exposici\u00f3n ANA FRANK, una visi\u00f3n multidisciplinar&hellip;<\/p>\n","protected":false},"author":3523,"featured_media":1747,"comment_status":"open","ping_status":"open","sticky":false,"template":"","format":"standard","meta":{"ngg_post_thumbnail":0,"footnotes":""},"categories":[59],"tags":[82,90,37,78,53,18,17],"aioseo_notices":[],"_links":{"self":[{"href":"https:\/\/blogsaverroes.juntadeandalucia.es\/iesnazari\/wp-json\/wp\/v2\/posts\/1738"}],"collection":[{"href":"https:\/\/blogsaverroes.juntadeandalucia.es\/iesnazari\/wp-json\/wp\/v2\/posts"}],"about":[{"href":"https:\/\/blogsaverroes.juntadeandalucia.es\/iesnazari\/wp-json\/wp\/v2\/types\/post"}],"author":[{"embeddable":true,"href":"https:\/\/blogsaverroes.juntadeandalucia.es\/iesnazari\/wp-json\/wp\/v2\/users\/3523"}],"replies":[{"embeddable":true,"href":"https:\/\/blogsaverroes.juntadeandalucia.es\/iesnazari\/wp-json\/wp\/v2\/comments?post=1738"}],"version-history":[{"count":20,"href":"https:\/\/blogsaverroes.juntadeandalucia.es\/iesnazari\/wp-json\/wp\/v2\/posts\/1738\/revisions"}],"predecessor-version":[{"id":1806,"href":"https:\/\/blogsaverroes.juntadeandalucia.es\/iesnazari\/wp-json\/wp\/v2\/posts\/1738\/revisions\/1806"}],"wp:featuredmedia":[{"embeddable":true,"href":"https:\/\/blogsaverroes.juntadeandalucia.es\/iesnazari\/wp-json\/wp\/v2\/media\/1747"}],"wp:attachment":[{"href":"https:\/\/blogsaverroes.juntadeandalucia.es\/iesnazari\/wp-json\/wp\/v2\/media?parent=1738"}],"wp:term":[{"taxonomy":"category","embeddable":true,"href":"https:\/\/blogsaverroes.juntadeandalucia.es\/iesnazari\/wp-json\/wp\/v2\/categories?post=1738"},{"taxonomy":"post_tag","embeddable":true,"href":"https:\/\/blogsaverroes.juntadeandalucia.es\/iesnazari\/wp-json\/wp\/v2\/tags?post=1738"}],"curies":[{"name":"wp","href":"https:\/\/api.w.org\/{rel}","templated":true}]}}