{"id":1815,"date":"2021-06-16T09:14:49","date_gmt":"2021-06-16T09:14:49","guid":{"rendered":"https:\/\/blogsaverroes.juntadeandalucia.es\/iesnazari\/?p=1815"},"modified":"2021-06-17T06:47:33","modified_gmt":"2021-06-17T06:47:33","slug":"tiktokear-el-passe-compose-tiktoker-le-passe-compose","status":"publish","type":"post","link":"https:\/\/blogsaverroes.juntadeandalucia.es\/iesnazari\/tiktokear-el-passe-compose-tiktoker-le-passe-compose\/","title":{"rendered":"TIKTOKEAR EL PASS\u00c9 COMPOS\u00c9 &#8211; TIKTOKER LE PASS\u00c9 COMPOS\u00c9"},"content":{"rendered":"<p>TIKTOKEAR EL PASS\u00c9 COMPOS\u00c9<\/p>\n<p>Nunca antes hab\u00edamos pensado que una red social tan utilizada por nuestro alumnado fuese capaz de transmitir un mensaje pedag\u00f3gico.&nbsp; Y, lo hemos conseguido en la materia de franc\u00e9s este curso a trav\u00e9s de la aplicaci\u00f3n TIK-TOK. Nuestro alumnado de 2\u00ba de ESO E nos presenta, a trav\u00e9s del aprendizaje cooperativo, este montaje de menos de un minuto para hacer un repaso de un tiempo verbal que este a\u00f1o hemos aprendido, el pass\u00e9 compos\u00e9. Y este ha sido el resultado, una manera m\u00e1s de demostrar que el aprendizaje de un idioma siempre se puede realizar desde una perspectiva actual y din\u00e1mica, tal y como lo hacemos siempre desde nuestro centro educativo nazar\u00ed.<\/p>\n<p>&nbsp;<\/p>\n<p>TIKTOKER LE PASS\u00c9 COMPOS\u00c9<\/p>\n<p>Nous n\u00b4avons pas pens\u00e9 avant qu\u00b4un r\u00e9seau social tellement utilis\u00e9 par nos \u00e9l\u00e8ves, puisse arrover \u00e0 transmettre un message p\u00e9dagogique. Et, nous avons parvenu \u00e0 le faire dans la mati\u00e8re de fran\u00e7ais cette ann\u00e9e acad\u00e9mique a travers de l\u00b4app TIK-TOK. Nos \u00e9l\u00e8ves de 2\u00ba ESO E nous pr\u00e9sentent, \u00e0 travers l\u00b4apprentissage bas\u00e9 sur le coop\u00e9rativisme, ce montage de moins d\u00b4une minute pour essayer de faire une r\u00e9vision d\u00b4un temps verbal que nous avons appris cette ann\u00e9e, le pass\u00e9 compos\u00e9. Et voil\u00e0 le resultat, une mani\u00e8re de plus de d\u00e9montrer que l\u00b4apprentissage d\u00b4une langue peut toujours se realiser \u00e0 travers d\u00b4une visi\u00f3n actuelle et dynamique, tel que nous le faisons au sein de notre \u00e9tablissement \u00e9ducatIf nazar\u00ed.<\/p>\n<p>&nbsp;<\/p>\n<p>Pablo Rodr\u00edguez Gobiet<\/p>\n<p>Departamento de Franc\u00e9s<\/p>\n<p>https:\/\/www.youtube.com\/watch?v=GSKQV449fvs<\/p>\n<p>&nbsp;<\/p>\n<p>&nbsp;<\/p>\n<p>&nbsp;<\/p>\n","protected":false},"excerpt":{"rendered":"<p>TIKTOKEAR EL PASS\u00c9 COMPOS\u00c9 Nunca antes hab\u00edamos pensado que una red social tan utilizada por nuestro alumnado fuese capaz de transmitir un mensaje pedag\u00f3gico.&nbsp; Y,&hellip;<\/p>\n","protected":false},"author":12013,"featured_media":1820,"comment_status":"open","ping_status":"open","sticky":false,"template":"","format":"standard","meta":{"ngg_post_thumbnail":0,"footnotes":""},"categories":[95],"tags":[34,31],"aioseo_notices":[],"_links":{"self":[{"href":"https:\/\/blogsaverroes.juntadeandalucia.es\/iesnazari\/wp-json\/wp\/v2\/posts\/1815"}],"collection":[{"href":"https:\/\/blogsaverroes.juntadeandalucia.es\/iesnazari\/wp-json\/wp\/v2\/posts"}],"about":[{"href":"https:\/\/blogsaverroes.juntadeandalucia.es\/iesnazari\/wp-json\/wp\/v2\/types\/post"}],"author":[{"embeddable":true,"href":"https:\/\/blogsaverroes.juntadeandalucia.es\/iesnazari\/wp-json\/wp\/v2\/users\/12013"}],"replies":[{"embeddable":true,"href":"https:\/\/blogsaverroes.juntadeandalucia.es\/iesnazari\/wp-json\/wp\/v2\/comments?post=1815"}],"version-history":[{"count":5,"href":"https:\/\/blogsaverroes.juntadeandalucia.es\/iesnazari\/wp-json\/wp\/v2\/posts\/1815\/revisions"}],"predecessor-version":[{"id":1821,"href":"https:\/\/blogsaverroes.juntadeandalucia.es\/iesnazari\/wp-json\/wp\/v2\/posts\/1815\/revisions\/1821"}],"wp:featuredmedia":[{"embeddable":true,"href":"https:\/\/blogsaverroes.juntadeandalucia.es\/iesnazari\/wp-json\/wp\/v2\/media\/1820"}],"wp:attachment":[{"href":"https:\/\/blogsaverroes.juntadeandalucia.es\/iesnazari\/wp-json\/wp\/v2\/media?parent=1815"}],"wp:term":[{"taxonomy":"category","embeddable":true,"href":"https:\/\/blogsaverroes.juntadeandalucia.es\/iesnazari\/wp-json\/wp\/v2\/categories?post=1815"},{"taxonomy":"post_tag","embeddable":true,"href":"https:\/\/blogsaverroes.juntadeandalucia.es\/iesnazari\/wp-json\/wp\/v2\/tags?post=1815"}],"curies":[{"name":"wp","href":"https:\/\/api.w.org\/{rel}","templated":true}]}}