{"id":644,"date":"2021-02-26T14:12:46","date_gmt":"2021-02-26T14:12:46","guid":{"rendered":"https:\/\/blogsaverroes.juntadeandalucia.es\/iesnazari\/?p=644"},"modified":"2021-03-11T10:03:45","modified_gmt":"2021-03-11T10:03:45","slug":"644-2","status":"publish","type":"post","link":"https:\/\/blogsaverroes.juntadeandalucia.es\/iesnazari\/644-2\/","title":{"rendered":"Concesi\u00f3n de la bandera de Andaluc\u00eda  en valores humanos al profesorado andaluz"},"content":{"rendered":"<p>La Junta de Andaluc\u00eda. a trav\u00e9s de las Delegaciones Provinciales, concede cada a\u00f1o 10 banderas de Andaluc\u00eda como reconocimiento p\u00fablico a la labor de colectivos o individuos. Este a\u00f1o se concede una de las banderas, la que reconoce los valores humanos, al profesorado andaluz, con menci\u00f3n especial a los y las coordinadoras covid. En la provincia de Granada el profesorado estar\u00e1 representado por un maestro de primaria y una profesora de secundaria. Y para representar al profesorado de secundaria de la provincia, la delegaci\u00f3n ha elegido a nuestro centro, IES Nazar\u00ed, y a Carmen Molina como representante del mismo, y del profesorado de secundaria, para recibir&nbsp; este reconocimiento a los valores del profesorado en su labor docente y acad\u00e9mica.<\/p>\n","protected":false},"excerpt":{"rendered":"<p>La Junta de Andaluc\u00eda. a trav\u00e9s de las Delegaciones Provinciales, concede cada a\u00f1o 10 banderas de Andaluc\u00eda como reconocimiento p\u00fablico a la labor de colectivos&hellip;<\/p>\n","protected":false},"author":3523,"featured_media":676,"comment_status":"open","ping_status":"open","sticky":false,"template":"","format":"standard","meta":{"ngg_post_thumbnail":0,"footnotes":""},"categories":[68,73,1],"tags":[],"aioseo_notices":[],"_links":{"self":[{"href":"https:\/\/blogsaverroes.juntadeandalucia.es\/iesnazari\/wp-json\/wp\/v2\/posts\/644"}],"collection":[{"href":"https:\/\/blogsaverroes.juntadeandalucia.es\/iesnazari\/wp-json\/wp\/v2\/posts"}],"about":[{"href":"https:\/\/blogsaverroes.juntadeandalucia.es\/iesnazari\/wp-json\/wp\/v2\/types\/post"}],"author":[{"embeddable":true,"href":"https:\/\/blogsaverroes.juntadeandalucia.es\/iesnazari\/wp-json\/wp\/v2\/users\/3523"}],"replies":[{"embeddable":true,"href":"https:\/\/blogsaverroes.juntadeandalucia.es\/iesnazari\/wp-json\/wp\/v2\/comments?post=644"}],"version-history":[{"count":7,"href":"https:\/\/blogsaverroes.juntadeandalucia.es\/iesnazari\/wp-json\/wp\/v2\/posts\/644\/revisions"}],"predecessor-version":[{"id":677,"href":"https:\/\/blogsaverroes.juntadeandalucia.es\/iesnazari\/wp-json\/wp\/v2\/posts\/644\/revisions\/677"}],"wp:featuredmedia":[{"embeddable":true,"href":"https:\/\/blogsaverroes.juntadeandalucia.es\/iesnazari\/wp-json\/wp\/v2\/media\/676"}],"wp:attachment":[{"href":"https:\/\/blogsaverroes.juntadeandalucia.es\/iesnazari\/wp-json\/wp\/v2\/media?parent=644"}],"wp:term":[{"taxonomy":"category","embeddable":true,"href":"https:\/\/blogsaverroes.juntadeandalucia.es\/iesnazari\/wp-json\/wp\/v2\/categories?post=644"},{"taxonomy":"post_tag","embeddable":true,"href":"https:\/\/blogsaverroes.juntadeandalucia.es\/iesnazari\/wp-json\/wp\/v2\/tags?post=644"}],"curies":[{"name":"wp","href":"https:\/\/api.w.org\/{rel}","templated":true}]}}