{"id":2919,"date":"2023-03-29T08:01:03","date_gmt":"2023-03-29T07:01:03","guid":{"rendered":"https:\/\/blogsaverroes.juntadeandalucia.es\/iesnuevaspoblaciones\/?p=2919"},"modified":"2023-03-29T08:04:49","modified_gmt":"2023-03-29T07:04:49","slug":"viechtach","status":"publish","type":"post","link":"https:\/\/blogsaverroes.juntadeandalucia.es\/iesnuevaspoblaciones\/viechtach\/","title":{"rendered":"Una alumna de FP del IES NUEVAS POBLACIONES en Viechtach(alemania)"},"content":{"rendered":"<div class=\"wp-menu-arrow\">\n<div>&nbsp;<\/div>\n<\/div>\n<p><strong>PROGRAMA ERASMUS KA122-VET- 2022 1\u00aa Movilidad de larga duraci\u00f3n de &nbsp;una ALUMNA DE <\/strong>FORMACI\u00d3N PROFESIONAL<\/p>\n<p><strong>EN EL <\/strong><strong>IES NUEVAS POBLACIONES a Viechtach(Alemania)<\/strong><\/p>\n<p><strong>Art\u00edculo: ISABEL ORTIZ SERRANO &#8211; <\/strong><strong>Coordinadora Erasmus Formaci\u00f3n Profesional<\/strong><\/p>\n<p><a href=\"https:\/\/blogsaverroes.juntadeandalucia.es\/iesnuevaspoblaciones\/files\/2023\/03\/movilidad-erasmus-marzo-2023-alumna.pdf\">(Entrada completa en PDF)<\/a><\/p>\n<p>Durante el per\u00edodo del 15 de marzo al 12 de Junio del 2023 (3 meses), <strong>Claudia Serrano Mata<\/strong>, alumna de 2\u00ba Curso de Grado Medio de Gesti\u00f3n Administrativa, est\u00e1 realizando movilidad de larga duraci\u00f3n Erasmus y realizar\u00e1 su FCT (Formaci\u00f3n en Centros de Trabajo) en una empresa del pueblo alem\u00e1n de Viechtach, se trata de un Camping, su nombre es <strong>Adventure Camp Schnitzm\u00fchle.<\/strong><\/p>\n<p>Gracias al Programa Erasmus concedido a nuestro centro, la alumna recibe una<strong> beca <\/strong>que incluye viaje, manutenci\u00f3n y alojamiento; adem\u00e1s de seguro, curso de alem\u00e1n y otros&nbsp; gastos.&nbsp;<\/p>\nngg_shortcode_0_placeholder\n","protected":false},"excerpt":{"rendered":"<p>&nbsp; PROGRAMA ERASMUS KA122-VET- 2022 1\u00aa Movilidad de larga duraci\u00f3n de &nbsp;una ALUMNA DE FORMACI\u00d3N PROFESIONAL EN EL IES NUEVAS POBLACIONES a Viechtach(Alemania) Art\u00edculo: ISABEL ORTIZ SERRANO &#8211; Coordinadora Erasmus Formaci\u00f3n Profesional (Entrada completa en PDF) Durante el per\u00edodo del 15 de marzo al 12 de Junio del 2023 (3 meses), Claudia Serrano Mata, alumna [&hellip;]<\/p>\n","protected":false},"author":3570,"featured_media":2935,"comment_status":"closed","ping_status":"open","sticky":false,"template":"","format":"standard","meta":{"_et_pb_use_builder":"","_et_pb_old_content":"","_et_gb_content_width":"","ngg_post_thumbnail":0,"footnotes":""},"categories":[15,22,3],"tags":[],"aioseo_notices":[],"_links":{"self":[{"href":"https:\/\/blogsaverroes.juntadeandalucia.es\/iesnuevaspoblaciones\/wp-json\/wp\/v2\/posts\/2919"}],"collection":[{"href":"https:\/\/blogsaverroes.juntadeandalucia.es\/iesnuevaspoblaciones\/wp-json\/wp\/v2\/posts"}],"about":[{"href":"https:\/\/blogsaverroes.juntadeandalucia.es\/iesnuevaspoblaciones\/wp-json\/wp\/v2\/types\/post"}],"author":[{"embeddable":true,"href":"https:\/\/blogsaverroes.juntadeandalucia.es\/iesnuevaspoblaciones\/wp-json\/wp\/v2\/users\/3570"}],"replies":[{"embeddable":true,"href":"https:\/\/blogsaverroes.juntadeandalucia.es\/iesnuevaspoblaciones\/wp-json\/wp\/v2\/comments?post=2919"}],"version-history":[{"count":2,"href":"https:\/\/blogsaverroes.juntadeandalucia.es\/iesnuevaspoblaciones\/wp-json\/wp\/v2\/posts\/2919\/revisions"}],"predecessor-version":[{"id":2936,"href":"https:\/\/blogsaverroes.juntadeandalucia.es\/iesnuevaspoblaciones\/wp-json\/wp\/v2\/posts\/2919\/revisions\/2936"}],"wp:featuredmedia":[{"embeddable":true,"href":"https:\/\/blogsaverroes.juntadeandalucia.es\/iesnuevaspoblaciones\/wp-json\/wp\/v2\/media\/2935"}],"wp:attachment":[{"href":"https:\/\/blogsaverroes.juntadeandalucia.es\/iesnuevaspoblaciones\/wp-json\/wp\/v2\/media?parent=2919"}],"wp:term":[{"taxonomy":"category","embeddable":true,"href":"https:\/\/blogsaverroes.juntadeandalucia.es\/iesnuevaspoblaciones\/wp-json\/wp\/v2\/categories?post=2919"},{"taxonomy":"post_tag","embeddable":true,"href":"https:\/\/blogsaverroes.juntadeandalucia.es\/iesnuevaspoblaciones\/wp-json\/wp\/v2\/tags?post=2919"}],"curies":[{"name":"wp","href":"https:\/\/api.w.org\/{rel}","templated":true}]}}