{"id":10206,"date":"2024-03-20T12:29:01","date_gmt":"2024-03-20T11:29:01","guid":{"rendered":"https:\/\/blogsaverroes.juntadeandalucia.es\/iesodiel\/?p=10206"},"modified":"2024-03-20T12:32:34","modified_gmt":"2024-03-20T11:32:34","slug":"becas-de-caracter-general-2024-2025","status":"publish","type":"post","link":"https:\/\/blogsaverroes.juntadeandalucia.es\/iesodiel\/2024\/03\/20\/becas-de-caracter-general-2024-2025\/","title":{"rendered":"BECAS DE CAR\u00c1CTER GENERAL 2024\/2025"},"content":{"rendered":"<p>Con fecha <strong>15 de marzo de 2024<\/strong> se public\u00f3 en el BOE el extracto de la Resoluci\u00f3n de la Secretar\u00eda de Estado de Educaci\u00f3n, por la que se convocan Becas de car\u00e1cter general para el curso acad\u00e9mico 2024-2025, para estudiantes que cursen estudios postobligatorios (Bachillerato, Formaci\u00f3n Profesional, Grado, M\u00e1ster y otros).<\/p>\n<p><strong>Plazo:<\/strong><\/p>\n<ul>\n<li>El plazo para solicitar la beca de la convocatoria general para el curso 2024\/25 es <strong>del 19 de marzo de 2024 a las 9 h., hasta el 10 de mayo de 2024 a las 15 h<\/strong>. (horas peninsulares). <strong>No lo dejes para el final<\/strong>.<\/li>\n<\/ul>\n<ul>\n<li>El plazo para pedir la ayuda de necesidad espec\u00edfica de apoyo educativo para el curso 2024\/25 se espera que comience en mayo de 2024.<\/li>\n<\/ul>\n<p><strong>Importante:<\/strong> Las solicitudes de beca deber\u00e1n presentarse, en todo caso, en los plazos indicados aunque dichos plazos no coincidan con el plazo de matr\u00edcula correspondiente. <strong>Pide tu beca aunque no sepas lo que vas a estudiar o incluso si vas o no a estudiar<\/strong>, ya que en septiembre tendr\u00e1s la oportunidad de actualizar la informaci\u00f3n proporcionada ahora.<\/p>\n<p><strong>A qui\u00e9nes va dirigida la convocatoria:<\/strong><\/p>\n<ul>\n<li>Al alumnado que durante el a\u00f1o acad\u00e9mico 2024\/2025 vaya a cursar estudios postobligatorios de <strong>Bachillerato, Formaci\u00f3n Profesional, Grado, M\u00e1ster y otros<\/strong>.<\/li>\n<\/ul>\n<p><strong>La solicitud se deber\u00e1 cumplimentar mediante el formulario accesible por v\u00eda telem\u00e1tica a trav\u00e9s de la sede electr\u00f3nica del Departamento en la direcci\u00f3n <\/strong><a href=\"https:\/\/sede.educacion.gob.es\/\" target=\"_blank\" rel=\"noopener noreferrer\" data-saferedirecturl=\"https:\/\/www.google.com\/url?q=https:\/\/sede.educacion.gob.es\/&amp;source=gmail&amp;ust=1711020210115000&amp;usg=AOvVaw3hjRNIUyEpZuhaGr-a82I6\"><strong>sede.educacion.gob.es<\/strong><\/a><strong> o en <\/strong><a href=\"http:\/\/www.educacionyfp.gob.es\/\" target=\"_blank\" rel=\"noopener noreferrer\" data-saferedirecturl=\"https:\/\/www.google.com\/url?q=http:\/\/www.educacionyfp.gob.es\/&amp;source=gmail&amp;ust=1711020210115000&amp;usg=AOvVaw2r5Yfy66TSlL6Ucf8tIbSI\"><strong>educacionyfp.gob.es<\/strong><\/a><\/p>\n<p><strong>EL\/LA ALUMNO\/A siempre debe ser el TITULAR o COTITULAR<\/strong> de la cuenta corriente consignada en la solicitud. S\u00f3lo podr\u00e1 pagarse la cuant\u00eda de la beca o ayuda a una cuenta de la que el\/la alumno\/a beneficiario\/a sea titular o cotitular. En caso contrario no podr\u00e1 tramitarse el pago.<\/p>\n<p>Una vez cumplimentada la solicitud, deber\u00e1 ser firmada por el interesado o su representante legal en el caso de ser menor de 18 a\u00f1os con cualquiera de los sistemas de firma electr\u00f3nica aceptados por la sede electr\u00f3nica y enviada por el procedimiento telem\u00e1tico establecido, quedando as\u00ed presentada a todos los efectos. No ser\u00e1n tenidas en cuenta aquellas solicitudes cumplimentadas por v\u00eda telem\u00e1tica que no completen el proceso de presentaci\u00f3n establecido, obteniendo el resguardo de solicitud que deber\u00e1 ser conservado por el solicitante para acreditar, en caso de que resulte necesario, la presentaci\u00f3n de su solicitud en el plazo y forma establecidos.<\/p>\n<p>Inf\u00f3rmate en <a href=\"https:\/\/www.becaseducacion.gob.es\/portada.html\" target=\"_blank\" rel=\"noopener noreferrer\" data-saferedirecturl=\"https:\/\/www.google.com\/url?q=https:\/\/www.becaseducacion.gob.es\/portada.html&amp;source=gmail&amp;ust=1711020210115000&amp;usg=AOvVaw1qHGMl9ya-S8SCJkT0cKq-\">https:\/\/www.becaseducacion.gob.es\/portada.html<\/a><\/p>\n<p>Gracias por vuestra atenci\u00f3n.<\/p>\n<p>Javier Mar\u00edn, administrativo del IES Odiel<\/p>\n","protected":false},"excerpt":{"rendered":"<p>Con fecha 15 de marzo de 2024 se public\u00f3 en el BOE el extracto de la Resoluci\u00f3n de la Secretar\u00eda de Estado de Educaci\u00f3n, por la que se convocan Becas de car\u00e1cter general para&#46;&#46;&#46;<\/p>\n","protected":false},"author":6260,"featured_media":10208,"comment_status":"open","ping_status":"open","sticky":false,"template":"","format":"standard","meta":{"ngg_post_thumbnail":0,"footnotes":""},"categories":[1443527],"tags":[],"aioseo_notices":[],"_links":{"self":[{"href":"https:\/\/blogsaverroes.juntadeandalucia.es\/iesodiel\/wp-json\/wp\/v2\/posts\/10206"}],"collection":[{"href":"https:\/\/blogsaverroes.juntadeandalucia.es\/iesodiel\/wp-json\/wp\/v2\/posts"}],"about":[{"href":"https:\/\/blogsaverroes.juntadeandalucia.es\/iesodiel\/wp-json\/wp\/v2\/types\/post"}],"author":[{"embeddable":true,"href":"https:\/\/blogsaverroes.juntadeandalucia.es\/iesodiel\/wp-json\/wp\/v2\/users\/6260"}],"replies":[{"embeddable":true,"href":"https:\/\/blogsaverroes.juntadeandalucia.es\/iesodiel\/wp-json\/wp\/v2\/comments?post=10206"}],"version-history":[{"count":1,"href":"https:\/\/blogsaverroes.juntadeandalucia.es\/iesodiel\/wp-json\/wp\/v2\/posts\/10206\/revisions"}],"predecessor-version":[{"id":10207,"href":"https:\/\/blogsaverroes.juntadeandalucia.es\/iesodiel\/wp-json\/wp\/v2\/posts\/10206\/revisions\/10207"}],"wp:featuredmedia":[{"embeddable":true,"href":"https:\/\/blogsaverroes.juntadeandalucia.es\/iesodiel\/wp-json\/wp\/v2\/media\/10208"}],"wp:attachment":[{"href":"https:\/\/blogsaverroes.juntadeandalucia.es\/iesodiel\/wp-json\/wp\/v2\/media?parent=10206"}],"wp:term":[{"taxonomy":"category","embeddable":true,"href":"https:\/\/blogsaverroes.juntadeandalucia.es\/iesodiel\/wp-json\/wp\/v2\/categories?post=10206"},{"taxonomy":"post_tag","embeddable":true,"href":"https:\/\/blogsaverroes.juntadeandalucia.es\/iesodiel\/wp-json\/wp\/v2\/tags?post=10206"}],"curies":[{"name":"wp","href":"https:\/\/api.w.org\/{rel}","templated":true}]}}