{"id":10474,"date":"2024-05-22T18:50:54","date_gmt":"2024-05-22T16:50:54","guid":{"rendered":"https:\/\/blogsaverroes.juntadeandalucia.es\/iesodiel\/?p=10474"},"modified":"2024-06-04T14:42:59","modified_gmt":"2024-06-04T12:42:59","slug":"concurso-de-cocina-francesa-2","status":"publish","type":"post","link":"https:\/\/blogsaverroes.juntadeandalucia.es\/iesodiel\/2024\/05\/22\/concurso-de-cocina-francesa-2\/","title":{"rendered":"Concurso de cocina francesa"},"content":{"rendered":"<p>Tras un tiempo de par\u00f3n, el departamento de franc\u00e9s retoma su tradicional concurso de cocina, donde alumnos de cuarto y primero de bachillerato muestran sus dotes culinarias en las recetas francesas m\u00e1s representativas: quiche lorraine, cr\u00eapes sal\u00e9s, tarte tatin, fricass\u00e9 de poulet, soupe, truite&#8230; Estas delicatessen fueron catadas por un agradecido jurado resultando ganadores:<\/p>\n<ul>\n<li>Mejor receta salada: Quiche lorraine con 9,8 seguida de truite aux amandes (9,6);<\/li>\n<li>Mejor receta dulce: mousse au chocolat con 9,5 seguida de fromagelandia (9,4).<\/li>\n<\/ul>\n<p>Os dejamos algunas im\u00e1genes del concurso, participantes,&nbsp; jurado y entrega de premios. Much\u00edsimas gracias a mi departamento, al profesorado jurado y al difusor de esta noticia.<\/p>\n<p>ngg_shortcode_0_placeholderngg_shortcode_1_placeholderAnabel Mart\u00ednez, jefa del Departamento de Franc\u00e9s<\/p>\n","protected":false},"excerpt":{"rendered":"<p>Tras un tiempo de par\u00f3n, el departamento de franc\u00e9s retoma su tradicional concurso de cocina, donde alumnos de cuarto y primero de bachillerato muestran sus dotes culinarias en las recetas francesas m\u00e1s representativas: quiche&#46;&#46;&#46;<\/p>\n","protected":false},"author":6260,"featured_media":10487,"comment_status":"open","ping_status":"open","sticky":false,"template":"","format":"standard","meta":{"ngg_post_thumbnail":0,"footnotes":""},"categories":[25502],"tags":[],"aioseo_notices":[],"_links":{"self":[{"href":"https:\/\/blogsaverroes.juntadeandalucia.es\/iesodiel\/wp-json\/wp\/v2\/posts\/10474"}],"collection":[{"href":"https:\/\/blogsaverroes.juntadeandalucia.es\/iesodiel\/wp-json\/wp\/v2\/posts"}],"about":[{"href":"https:\/\/blogsaverroes.juntadeandalucia.es\/iesodiel\/wp-json\/wp\/v2\/types\/post"}],"author":[{"embeddable":true,"href":"https:\/\/blogsaverroes.juntadeandalucia.es\/iesodiel\/wp-json\/wp\/v2\/users\/6260"}],"replies":[{"embeddable":true,"href":"https:\/\/blogsaverroes.juntadeandalucia.es\/iesodiel\/wp-json\/wp\/v2\/comments?post=10474"}],"version-history":[{"count":4,"href":"https:\/\/blogsaverroes.juntadeandalucia.es\/iesodiel\/wp-json\/wp\/v2\/posts\/10474\/revisions"}],"predecessor-version":[{"id":10517,"href":"https:\/\/blogsaverroes.juntadeandalucia.es\/iesodiel\/wp-json\/wp\/v2\/posts\/10474\/revisions\/10517"}],"wp:featuredmedia":[{"embeddable":true,"href":"https:\/\/blogsaverroes.juntadeandalucia.es\/iesodiel\/wp-json\/wp\/v2\/media\/10487"}],"wp:attachment":[{"href":"https:\/\/blogsaverroes.juntadeandalucia.es\/iesodiel\/wp-json\/wp\/v2\/media?parent=10474"}],"wp:term":[{"taxonomy":"category","embeddable":true,"href":"https:\/\/blogsaverroes.juntadeandalucia.es\/iesodiel\/wp-json\/wp\/v2\/categories?post=10474"},{"taxonomy":"post_tag","embeddable":true,"href":"https:\/\/blogsaverroes.juntadeandalucia.es\/iesodiel\/wp-json\/wp\/v2\/tags?post=10474"}],"curies":[{"name":"wp","href":"https:\/\/api.w.org\/{rel}","templated":true}]}}