{"id":11010,"date":"2024-11-21T13:33:59","date_gmt":"2024-11-21T12:33:59","guid":{"rendered":"https:\/\/blogsaverroes.juntadeandalucia.es\/iesodiel\/?p=11010"},"modified":"2024-11-21T13:33:59","modified_gmt":"2024-11-21T12:33:59","slug":"nuestra-alumna-sandra-perez-diaz-ganadora-del-iii-concurso-de-relatos-sobre-discapacidad","status":"publish","type":"post","link":"https:\/\/blogsaverroes.juntadeandalucia.es\/iesodiel\/2024\/11\/21\/nuestra-alumna-sandra-perez-diaz-ganadora-del-iii-concurso-de-relatos-sobre-discapacidad\/","title":{"rendered":"Nuestra alumna Sandra P\u00e9rez D\u00edaz, ganadora del III Concurso de Relatos sobre Discapacidad"},"content":{"rendered":"<div id=\":lr\" class=\"a3s aiL \">\n<div dir=\"auto\">\n<div dir=\"ltr\">\n<p>En nuestro centro estamos de celebraci\u00f3n y no podemos estar m\u00e1s orgullosos. Nuestra alumna&nbsp;<strong>Sandra P\u00e9rez D\u00edaz<\/strong>&nbsp;ha sido galardonada con el primer premio en el&nbsp;<strong>III Concurso de Relatos sobre Discapacidad<\/strong>, un certamen organizado por la Fundaci\u00f3n Atlantic Copper que busca sensibilizar y promover la inclusi\u00f3n a trav\u00e9s de la literatura.<\/p>\n<p>La entrega de premios tuvo lugar durante el acto de clausura de la&nbsp;<strong>IV Semana de la Discapacidad en Huelva<\/strong>, una iniciativa organizada por la Fundaci\u00f3n TAU que re\u00fane a distintas entidades para destacar la importancia de la inclusi\u00f3n y la visibilidad de las personas con discapacidad.<\/p>\n<p>En la ceremonia, Sandra estuvo acompa\u00f1ada por figuras destacadas como el Delegado de Huelva de la Consejer\u00eda de Desarrollo Educativo y Formaci\u00f3n Profesional,&nbsp;<strong>Don Carlos Soriano<\/strong>, el presidente de la Fundaci\u00f3n TAU, y la segunda premiada del concurso.<\/p>\n<p>Este reconocimiento no solo pone en valor el talento y la sensibilidad de Sandra, sino que tambi\u00e9n reafirma nuestro compromiso como instituci\u00f3n educativa para fomentar la creatividad, la empat\u00eda y los valores de inclusi\u00f3n en nuestros estudiantes.<\/p>\n<p>\u00a1Enhorabuena, Sandra! Estamos seguros de que este es solo el inicio de muchos m\u00e1s logros.<\/p>\n<p>&nbsp;<\/p>\n<\/div>\n<p><img loading=\"lazy\" decoding=\"async\" class=\"aligncenter  wp-image-11011\" src=\"https:\/\/blogsaverroes.juntadeandalucia.es\/iesodiel\/files\/2024\/11\/5f6b67d2-f7e2-4e1c-995a-947d159f4d23.jpg\" alt=\"\" width=\"416\" height=\"443\" srcset=\"https:\/\/blogsaverroes.juntadeandalucia.es\/iesodiel\/files\/2024\/11\/5f6b67d2-f7e2-4e1c-995a-947d159f4d23.jpg 596w, https:\/\/blogsaverroes.juntadeandalucia.es\/iesodiel\/files\/2024\/11\/5f6b67d2-f7e2-4e1c-995a-947d159f4d23-282x300.jpg 282w\" sizes=\"(max-width: 416px) 100vw, 416px\" \/><\/p>\n<\/div>\n<\/div>\n","protected":false},"excerpt":{"rendered":"<p>En nuestro centro estamos de celebraci\u00f3n y no podemos estar m\u00e1s orgullosos. Nuestra alumna&nbsp;Sandra P\u00e9rez D\u00edaz&nbsp;ha sido galardonada con el primer premio en el&nbsp;III Concurso de Relatos sobre Discapacidad, un certamen organizado por la&#46;&#46;&#46;<\/p>\n","protected":false},"author":6260,"featured_media":11012,"comment_status":"open","ping_status":"open","sticky":false,"template":"","format":"standard","meta":{"ngg_post_thumbnail":0,"footnotes":""},"categories":[1443527,52],"tags":[],"aioseo_notices":[],"_links":{"self":[{"href":"https:\/\/blogsaverroes.juntadeandalucia.es\/iesodiel\/wp-json\/wp\/v2\/posts\/11010"}],"collection":[{"href":"https:\/\/blogsaverroes.juntadeandalucia.es\/iesodiel\/wp-json\/wp\/v2\/posts"}],"about":[{"href":"https:\/\/blogsaverroes.juntadeandalucia.es\/iesodiel\/wp-json\/wp\/v2\/types\/post"}],"author":[{"embeddable":true,"href":"https:\/\/blogsaverroes.juntadeandalucia.es\/iesodiel\/wp-json\/wp\/v2\/users\/6260"}],"replies":[{"embeddable":true,"href":"https:\/\/blogsaverroes.juntadeandalucia.es\/iesodiel\/wp-json\/wp\/v2\/comments?post=11010"}],"version-history":[{"count":1,"href":"https:\/\/blogsaverroes.juntadeandalucia.es\/iesodiel\/wp-json\/wp\/v2\/posts\/11010\/revisions"}],"predecessor-version":[{"id":11013,"href":"https:\/\/blogsaverroes.juntadeandalucia.es\/iesodiel\/wp-json\/wp\/v2\/posts\/11010\/revisions\/11013"}],"wp:featuredmedia":[{"embeddable":true,"href":"https:\/\/blogsaverroes.juntadeandalucia.es\/iesodiel\/wp-json\/wp\/v2\/media\/11012"}],"wp:attachment":[{"href":"https:\/\/blogsaverroes.juntadeandalucia.es\/iesodiel\/wp-json\/wp\/v2\/media?parent=11010"}],"wp:term":[{"taxonomy":"category","embeddable":true,"href":"https:\/\/blogsaverroes.juntadeandalucia.es\/iesodiel\/wp-json\/wp\/v2\/categories?post=11010"},{"taxonomy":"post_tag","embeddable":true,"href":"https:\/\/blogsaverroes.juntadeandalucia.es\/iesodiel\/wp-json\/wp\/v2\/tags?post=11010"}],"curies":[{"name":"wp","href":"https:\/\/api.w.org\/{rel}","templated":true}]}}