{"id":3434,"date":"2018-12-17T22:13:37","date_gmt":"2018-12-17T21:13:37","guid":{"rendered":"https:\/\/blogsaverroes.juntadeandalucia.es\/iesodiel\/?p=3434"},"modified":"2018-12-21T13:13:33","modified_gmt":"2018-12-21T12:13:33","slug":"d-e-p-laura-luelmo","status":"publish","type":"post","link":"https:\/\/blogsaverroes.juntadeandalucia.es\/iesodiel\/2018\/12\/17\/d-e-p-laura-luelmo\/","title":{"rendered":"D.E.P. Laura Luelmo"},"content":{"rendered":"<p>La comunidad que formamos el IES Odiel de Gibrale\u00f3n queremos expresar nuestra enorme consternaci\u00f3n por la tr\u00e1gica muerte de Laura,.<\/p>\n<div id=\"attachment_3437\" style=\"width: 628px\" class=\"wp-caption aligncenter\"><a href=\"https:\/\/blogsaverroes.juntadeandalucia.es\/iesodiel\/files\/2018\/12\/Laura-Luelmo.jpg\"><img loading=\"lazy\" decoding=\"async\" aria-describedby=\"caption-attachment-3437\" class=\"wp-image-3437\" src=\"https:\/\/blogsaverroes.juntadeandalucia.es\/iesodiel\/files\/2018\/12\/Laura-Luelmo-300x169.jpg\" alt=\"\" width=\"618\" height=\"348\" srcset=\"https:\/\/blogsaverroes.juntadeandalucia.es\/iesodiel\/files\/2018\/12\/Laura-Luelmo-300x169.jpg 300w, https:\/\/blogsaverroes.juntadeandalucia.es\/iesodiel\/files\/2018\/12\/Laura-Luelmo-24x14.jpg 24w, https:\/\/blogsaverroes.juntadeandalucia.es\/iesodiel\/files\/2018\/12\/Laura-Luelmo-36x20.jpg 36w, https:\/\/blogsaverroes.juntadeandalucia.es\/iesodiel\/files\/2018\/12\/Laura-Luelmo-48x27.jpg 48w, https:\/\/blogsaverroes.juntadeandalucia.es\/iesodiel\/files\/2018\/12\/Laura-Luelmo.jpg 980w\" sizes=\"(max-width: 618px) 100vw, 618px\" \/><\/a><p id=\"caption-attachment-3437\" class=\"wp-caption-text\">\u00abResurgiendo lentamente, uniendo burbuja a burbuja pretendo llegar a crear una agradable capa de espuma\u00bb. Laura Luelmo<\/p><\/div>\n<p>Emotivo recuerdo de Laura en la web del IES V\u00e1zquez D\u00edaz de Nerva pinchando <a href=\"http:\/\/iesvazquezdiaz.blogspot.com\/2018\/12\/recordando-laura.html\" target=\"_blank\" rel=\"noopener\">aqu\u00ed<\/a>.<\/p>\n<p style=\"text-align: center\">[youtube https:\/\/www.youtube.com\/watch?v=EnCQfRQy71E]<\/p>\n","protected":false},"excerpt":{"rendered":"<p>La comunidad que formamos el IES Odiel de Gibrale\u00f3n queremos expresar nuestra enorme consternaci\u00f3n por la tr\u00e1gica muerte de Laura,. Emotivo recuerdo de Laura en la web del IES V\u00e1zquez D\u00edaz de Nerva pinchando&#46;&#46;&#46;<\/p>\n","protected":false},"author":6260,"featured_media":3435,"comment_status":"open","ping_status":"open","sticky":false,"template":"","format":"standard","meta":{"ngg_post_thumbnail":0,"footnotes":""},"categories":[1443527,1444089],"tags":[],"aioseo_notices":[],"_links":{"self":[{"href":"https:\/\/blogsaverroes.juntadeandalucia.es\/iesodiel\/wp-json\/wp\/v2\/posts\/3434"}],"collection":[{"href":"https:\/\/blogsaverroes.juntadeandalucia.es\/iesodiel\/wp-json\/wp\/v2\/posts"}],"about":[{"href":"https:\/\/blogsaverroes.juntadeandalucia.es\/iesodiel\/wp-json\/wp\/v2\/types\/post"}],"author":[{"embeddable":true,"href":"https:\/\/blogsaverroes.juntadeandalucia.es\/iesodiel\/wp-json\/wp\/v2\/users\/6260"}],"replies":[{"embeddable":true,"href":"https:\/\/blogsaverroes.juntadeandalucia.es\/iesodiel\/wp-json\/wp\/v2\/comments?post=3434"}],"version-history":[{"count":6,"href":"https:\/\/blogsaverroes.juntadeandalucia.es\/iesodiel\/wp-json\/wp\/v2\/posts\/3434\/revisions"}],"predecessor-version":[{"id":3467,"href":"https:\/\/blogsaverroes.juntadeandalucia.es\/iesodiel\/wp-json\/wp\/v2\/posts\/3434\/revisions\/3467"}],"wp:featuredmedia":[{"embeddable":true,"href":"https:\/\/blogsaverroes.juntadeandalucia.es\/iesodiel\/wp-json\/wp\/v2\/media\/3435"}],"wp:attachment":[{"href":"https:\/\/blogsaverroes.juntadeandalucia.es\/iesodiel\/wp-json\/wp\/v2\/media?parent=3434"}],"wp:term":[{"taxonomy":"category","embeddable":true,"href":"https:\/\/blogsaverroes.juntadeandalucia.es\/iesodiel\/wp-json\/wp\/v2\/categories?post=3434"},{"taxonomy":"post_tag","embeddable":true,"href":"https:\/\/blogsaverroes.juntadeandalucia.es\/iesodiel\/wp-json\/wp\/v2\/tags?post=3434"}],"curies":[{"name":"wp","href":"https:\/\/api.w.org\/{rel}","templated":true}]}}