{"id":4303,"date":"2019-05-06T19:49:30","date_gmt":"2019-05-06T17:49:30","guid":{"rendered":"https:\/\/blogsaverroes.juntadeandalucia.es\/iesodiel\/?p=4303"},"modified":"2019-05-06T19:50:32","modified_gmt":"2019-05-06T17:50:32","slug":"convocatoria-programa-de-inmersion-linguistica-en-colonias-de-vacaciones-2019-para-alumnado-de-1o-y-2o-de-eso","status":"publish","type":"post","link":"https:\/\/blogsaverroes.juntadeandalucia.es\/iesodiel\/2019\/05\/06\/convocatoria-programa-de-inmersion-linguistica-en-colonias-de-vacaciones-2019-para-alumnado-de-1o-y-2o-de-eso\/","title":{"rendered":"Convocatoria Programa de Inmersi\u00f3n ling\u00fc\u00edstica en colonias de vacaciones 2019 para alumnado de 1\u00ba y 2\u00ba de ESO"},"content":{"rendered":"<section class=\"cuerpo detalle_html\">\n<div class=\"inner_cuerpo\">Se ha publicado la Convocatoria de ayudas destinadas a <strong>alumnos de 1\u00ba y 2\u00ba de ESO<\/strong> para el&nbsp; programa de Colonias de Verano 2019.<\/div>\n<\/section>\n<section class=\"section_widget_abaco enlaces links_relacionados_web\">\n<header>\n<h1 class=\"titulo\"><span style=\"font-size: 16px\">El plazo de presentaci\u00f3n de solicitudes acaba el 22 de mayo de 2019.<\/span><\/h1>\n<p>Para alumnos de primero de ESO <a href=\"http:\/\/www.educacionyfp.gob.es\/servicios-al-ciudadano-mecd\/catalogo\/educacion\/estudiantes\/becas-ayudas\/para-estudiar\/idiomas\/colonias-vacaciones-1-eso.html\" target=\"_blank\" rel=\"noopener\">este<\/a> es el enlace.<\/p>\n<p>Para alumnos de segundo de ESO, <a href=\"http:\/\/www.educacionyfp.gob.es\/servicios-al-ciudadano-mecd\/catalogo\/educacion\/estudiantes\/becas-ayudas\/para-estudiar\/idiomas\/colonias-vacaciones-2-eso.html\" target=\"_blank\" rel=\"noopener\">este<\/a> es el enlace.<\/p>\n<\/header>\n<\/section>\n","protected":false},"excerpt":{"rendered":"<p>Se ha publicado la Convocatoria de ayudas destinadas a alumnos de 1\u00ba y 2\u00ba de ESO para el&nbsp; programa de Colonias de Verano 2019. El plazo de presentaci\u00f3n de solicitudes acaba el 22 de&#46;&#46;&#46;<\/p>\n","protected":false},"author":6260,"featured_media":2414,"comment_status":"open","ping_status":"open","sticky":false,"template":"","format":"standard","meta":{"ngg_post_thumbnail":0,"footnotes":""},"categories":[5991,1443527],"tags":[],"aioseo_notices":[],"_links":{"self":[{"href":"https:\/\/blogsaverroes.juntadeandalucia.es\/iesodiel\/wp-json\/wp\/v2\/posts\/4303"}],"collection":[{"href":"https:\/\/blogsaverroes.juntadeandalucia.es\/iesodiel\/wp-json\/wp\/v2\/posts"}],"about":[{"href":"https:\/\/blogsaverroes.juntadeandalucia.es\/iesodiel\/wp-json\/wp\/v2\/types\/post"}],"author":[{"embeddable":true,"href":"https:\/\/blogsaverroes.juntadeandalucia.es\/iesodiel\/wp-json\/wp\/v2\/users\/6260"}],"replies":[{"embeddable":true,"href":"https:\/\/blogsaverroes.juntadeandalucia.es\/iesodiel\/wp-json\/wp\/v2\/comments?post=4303"}],"version-history":[{"count":2,"href":"https:\/\/blogsaverroes.juntadeandalucia.es\/iesodiel\/wp-json\/wp\/v2\/posts\/4303\/revisions"}],"predecessor-version":[{"id":4305,"href":"https:\/\/blogsaverroes.juntadeandalucia.es\/iesodiel\/wp-json\/wp\/v2\/posts\/4303\/revisions\/4305"}],"wp:featuredmedia":[{"embeddable":true,"href":"https:\/\/blogsaverroes.juntadeandalucia.es\/iesodiel\/wp-json\/wp\/v2\/media\/2414"}],"wp:attachment":[{"href":"https:\/\/blogsaverroes.juntadeandalucia.es\/iesodiel\/wp-json\/wp\/v2\/media?parent=4303"}],"wp:term":[{"taxonomy":"category","embeddable":true,"href":"https:\/\/blogsaverroes.juntadeandalucia.es\/iesodiel\/wp-json\/wp\/v2\/categories?post=4303"},{"taxonomy":"post_tag","embeddable":true,"href":"https:\/\/blogsaverroes.juntadeandalucia.es\/iesodiel\/wp-json\/wp\/v2\/tags?post=4303"}],"curies":[{"name":"wp","href":"https:\/\/api.w.org\/{rel}","templated":true}]}}