{"id":4347,"date":"2019-05-17T21:34:30","date_gmt":"2019-05-17T19:34:30","guid":{"rendered":"https:\/\/blogsaverroes.juntadeandalucia.es\/iesodiel\/?p=4347"},"modified":"2019-05-20T19:37:52","modified_gmt":"2019-05-20T17:37:52","slug":"visita-a-la-feria-de-las-ciencias-de-sevilla","status":"publish","type":"post","link":"https:\/\/blogsaverroes.juntadeandalucia.es\/iesodiel\/2019\/05\/17\/visita-a-la-feria-de-las-ciencias-de-sevilla\/","title":{"rendered":"Visita a la Feria de las Ciencias de Sevilla"},"content":{"rendered":"<p><a href=\"https:\/\/blogsaverroes.juntadeandalucia.es\/iesodiel\/files\/2019\/05\/Feria_Ciencias_2019_1.jpg\"><img loading=\"lazy\" decoding=\"async\" class=\"wp-image-4436 aligncenter\" src=\"https:\/\/blogsaverroes.juntadeandalucia.es\/iesodiel\/files\/2019\/05\/Feria_Ciencias_2019_1-300x225.jpg\" alt=\"\" width=\"693\" height=\"520\" srcset=\"https:\/\/blogsaverroes.juntadeandalucia.es\/iesodiel\/files\/2019\/05\/Feria_Ciencias_2019_1-300x225.jpg 300w, https:\/\/blogsaverroes.juntadeandalucia.es\/iesodiel\/files\/2019\/05\/Feria_Ciencias_2019_1-768x576.jpg 768w, https:\/\/blogsaverroes.juntadeandalucia.es\/iesodiel\/files\/2019\/05\/Feria_Ciencias_2019_1-1024x768.jpg 1024w, https:\/\/blogsaverroes.juntadeandalucia.es\/iesodiel\/files\/2019\/05\/Feria_Ciencias_2019_1-24x18.jpg 24w, https:\/\/blogsaverroes.juntadeandalucia.es\/iesodiel\/files\/2019\/05\/Feria_Ciencias_2019_1-36x27.jpg 36w, https:\/\/blogsaverroes.juntadeandalucia.es\/iesodiel\/files\/2019\/05\/Feria_Ciencias_2019_1-48x36.jpg 48w, https:\/\/blogsaverroes.juntadeandalucia.es\/iesodiel\/files\/2019\/05\/Feria_Ciencias_2019_1.jpg 1600w\" sizes=\"(max-width: 693px) 100vw, 693px\" \/><\/a><\/p>\n<p>Nuestros alumnos, acompa\u00f1ados de Marta Mor\u00e1n y Lourdes Quintero visitaron ayer jueves la Feria de las Ciencias de Sevilla.<\/p>\nngg_shortcode_0_placeholder\n\n\t\t<style>\n\t\t\t#gallery-1 {\n\t\t\t\tmargin: auto;\n\t\t\t}\n\t\t\t#gallery-1 .gallery-item {\n\t\t\t\tfloat: left;\n\t\t\t\tmargin-top: 10px;\n\t\t\t\ttext-align: center;\n\t\t\t\twidth: 33%;\n\t\t\t}\n\t\t\t#gallery-1 img {\n\t\t\t\tborder: 2px solid #cfcfcf;\n\t\t\t}\n\t\t\t#gallery-1 .gallery-caption {\n\t\t\t\tmargin-left: 0;\n\t\t\t}\n\t\t\t\/* see gallery_shortcode() in wp-includes\/media.php *\/\n\t\t<\/style>\n\t\t<div id='gallery-1' class='gallery galleryid-4347 gallery-columns-3 gallery-size-full'><dl class='gallery-item'>\n\t\t\t<dt class='gallery-icon portrait'>\n\t\t\t\t<a href='https:\/\/blogsaverroes.juntadeandalucia.es\/iesodiel\/2019\/05\/17\/visita-a-la-feria-de-las-ciencias-de-sevilla\/feria-de-las-ciencias-2019_7\/'><img loading=\"lazy\" decoding=\"async\" width=\"1200\" height=\"1600\" src=\"https:\/\/blogsaverroes.juntadeandalucia.es\/iesodiel\/files\/2019\/05\/Feria-de-las-Ciencias-2019_7.jpeg\" class=\"attachment-full size-full\" alt=\"\" aria-describedby=\"gallery-1-4357\" srcset=\"https:\/\/blogsaverroes.juntadeandalucia.es\/iesodiel\/files\/2019\/05\/Feria-de-las-Ciencias-2019_7.jpeg 1200w, https:\/\/blogsaverroes.juntadeandalucia.es\/iesodiel\/files\/2019\/05\/Feria-de-las-Ciencias-2019_7-225x300.jpeg 225w, https:\/\/blogsaverroes.juntadeandalucia.es\/iesodiel\/files\/2019\/05\/Feria-de-las-Ciencias-2019_7-768x1024.jpeg 768w, https:\/\/blogsaverroes.juntadeandalucia.es\/iesodiel\/files\/2019\/05\/Feria-de-las-Ciencias-2019_7-18x24.jpeg 18w, https:\/\/blogsaverroes.juntadeandalucia.es\/iesodiel\/files\/2019\/05\/Feria-de-las-Ciencias-2019_7-27x36.jpeg 27w, https:\/\/blogsaverroes.juntadeandalucia.es\/iesodiel\/files\/2019\/05\/Feria-de-las-Ciencias-2019_7-36x48.jpeg 36w\" sizes=\"(max-width: 1200px) 100vw, 1200px\" \/><\/a>\n\t\t\t<\/dt>\n\t\t\t\t<dd class='wp-caption-text gallery-caption' id='gallery-1-4357'>\n\t\t\t\tGracias a la Reacci\u00f3n oxidaci\u00f3n-reducci\u00f3n los electrones liberados encienden la bombilla \n\t\t\t\t<\/dd><\/dl><dl class='gallery-item'>\n\t\t\t<dt class='gallery-icon landscape'>\n\t\t\t\t<a href='https:\/\/blogsaverroes.juntadeandalucia.es\/iesodiel\/2019\/05\/17\/visita-a-la-feria-de-las-ciencias-de-sevilla\/feria-de-las-ciencias-2019_8\/'><img loading=\"lazy\" decoding=\"async\" width=\"1600\" height=\"1200\" src=\"https:\/\/blogsaverroes.juntadeandalucia.es\/iesodiel\/files\/2019\/05\/Feria-de-las-Ciencias-2019_8-e1558175544556.jpeg\" class=\"attachment-full size-full\" alt=\"\" aria-describedby=\"gallery-1-4358\" srcset=\"https:\/\/blogsaverroes.juntadeandalucia.es\/iesodiel\/files\/2019\/05\/Feria-de-las-Ciencias-2019_8-e1558175544556.jpeg 1600w, https:\/\/blogsaverroes.juntadeandalucia.es\/iesodiel\/files\/2019\/05\/Feria-de-las-Ciencias-2019_8-e1558175544556-300x225.jpeg 300w, https:\/\/blogsaverroes.juntadeandalucia.es\/iesodiel\/files\/2019\/05\/Feria-de-las-Ciencias-2019_8-e1558175544556-768x576.jpeg 768w, https:\/\/blogsaverroes.juntadeandalucia.es\/iesodiel\/files\/2019\/05\/Feria-de-las-Ciencias-2019_8-e1558175544556-1024x768.jpeg 1024w, https:\/\/blogsaverroes.juntadeandalucia.es\/iesodiel\/files\/2019\/05\/Feria-de-las-Ciencias-2019_8-e1558175544556-24x18.jpeg 24w, https:\/\/blogsaverroes.juntadeandalucia.es\/iesodiel\/files\/2019\/05\/Feria-de-las-Ciencias-2019_8-e1558175544556-36x27.jpeg 36w, https:\/\/blogsaverroes.juntadeandalucia.es\/iesodiel\/files\/2019\/05\/Feria-de-las-Ciencias-2019_8-e1558175544556-48x36.jpeg 48w\" sizes=\"(max-width: 1600px) 100vw, 1600px\" \/><\/a>\n\t\t\t<\/dt>\n\t\t\t\t<dd class='wp-caption-text gallery-caption' id='gallery-1-4358'>\n\t\t\t\tConductividad del grafito ( mide la cantidad de grafito de los l\u00e1pices)\n\t\t\t\t<\/dd><\/dl><dl class='gallery-item'>\n\t\t\t<dt class='gallery-icon landscape'>\n\t\t\t\t<a href='https:\/\/blogsaverroes.juntadeandalucia.es\/iesodiel\/2019\/05\/17\/visita-a-la-feria-de-las-ciencias-de-sevilla\/feria-de-las-ciencias-2019_9\/'><img loading=\"lazy\" decoding=\"async\" width=\"1600\" height=\"1200\" src=\"https:\/\/blogsaverroes.juntadeandalucia.es\/iesodiel\/files\/2019\/05\/Feria-de-las-Ciencias-2019_9.jpeg\" class=\"attachment-full size-full\" alt=\"\" aria-describedby=\"gallery-1-4359\" srcset=\"https:\/\/blogsaverroes.juntadeandalucia.es\/iesodiel\/files\/2019\/05\/Feria-de-las-Ciencias-2019_9.jpeg 1600w, https:\/\/blogsaverroes.juntadeandalucia.es\/iesodiel\/files\/2019\/05\/Feria-de-las-Ciencias-2019_9-300x225.jpeg 300w, https:\/\/blogsaverroes.juntadeandalucia.es\/iesodiel\/files\/2019\/05\/Feria-de-las-Ciencias-2019_9-768x576.jpeg 768w, https:\/\/blogsaverroes.juntadeandalucia.es\/iesodiel\/files\/2019\/05\/Feria-de-las-Ciencias-2019_9-1024x768.jpeg 1024w, https:\/\/blogsaverroes.juntadeandalucia.es\/iesodiel\/files\/2019\/05\/Feria-de-las-Ciencias-2019_9-24x18.jpeg 24w, https:\/\/blogsaverroes.juntadeandalucia.es\/iesodiel\/files\/2019\/05\/Feria-de-las-Ciencias-2019_9-36x27.jpeg 36w, https:\/\/blogsaverroes.juntadeandalucia.es\/iesodiel\/files\/2019\/05\/Feria-de-las-Ciencias-2019_9-48x36.jpeg 48w\" sizes=\"(max-width: 1600px) 100vw, 1600px\" \/><\/a>\n\t\t\t<\/dt>\n\t\t\t\t<dd class='wp-caption-text gallery-caption' id='gallery-1-4359'>\n\t\t\t\tTu peso en la luna\n\t\t\t\t<\/dd><\/dl><br style=\"clear: both\" \/><dl class='gallery-item'>\n\t\t\t<dt class='gallery-icon landscape'>\n\t\t\t\t<a href='https:\/\/blogsaverroes.juntadeandalucia.es\/iesodiel\/2019\/05\/17\/visita-a-la-feria-de-las-ciencias-de-sevilla\/feria-de-las-ciencias-2019_10\/'><img loading=\"lazy\" decoding=\"async\" width=\"1600\" height=\"1200\" src=\"https:\/\/blogsaverroes.juntadeandalucia.es\/iesodiel\/files\/2019\/05\/Feria-de-las-Ciencias-2019_10.jpeg\" class=\"attachment-full size-full\" alt=\"\" aria-describedby=\"gallery-1-4360\" srcset=\"https:\/\/blogsaverroes.juntadeandalucia.es\/iesodiel\/files\/2019\/05\/Feria-de-las-Ciencias-2019_10.jpeg 1600w, https:\/\/blogsaverroes.juntadeandalucia.es\/iesodiel\/files\/2019\/05\/Feria-de-las-Ciencias-2019_10-300x225.jpeg 300w, https:\/\/blogsaverroes.juntadeandalucia.es\/iesodiel\/files\/2019\/05\/Feria-de-las-Ciencias-2019_10-768x576.jpeg 768w, https:\/\/blogsaverroes.juntadeandalucia.es\/iesodiel\/files\/2019\/05\/Feria-de-las-Ciencias-2019_10-1024x768.jpeg 1024w, https:\/\/blogsaverroes.juntadeandalucia.es\/iesodiel\/files\/2019\/05\/Feria-de-las-Ciencias-2019_10-24x18.jpeg 24w, https:\/\/blogsaverroes.juntadeandalucia.es\/iesodiel\/files\/2019\/05\/Feria-de-las-Ciencias-2019_10-36x27.jpeg 36w, https:\/\/blogsaverroes.juntadeandalucia.es\/iesodiel\/files\/2019\/05\/Feria-de-las-Ciencias-2019_10-48x36.jpeg 48w\" sizes=\"(max-width: 1600px) 100vw, 1600px\" \/><\/a>\n\t\t\t<\/dt>\n\t\t\t\t<dd class='wp-caption-text gallery-caption' id='gallery-1-4360'>\n\t\t\t\t\u00d3rbita el\u00edptica de los planetas y sat\u00e9lites \n\t\t\t\t<\/dd><\/dl><dl class='gallery-item'>\n\t\t\t<dt class='gallery-icon landscape'>\n\t\t\t\t<a href='https:\/\/blogsaverroes.juntadeandalucia.es\/iesodiel\/2019\/05\/17\/visita-a-la-feria-de-las-ciencias-de-sevilla\/feria-de-las-ciencias-2019_11\/'><img loading=\"lazy\" decoding=\"async\" width=\"1600\" height=\"1200\" src=\"https:\/\/blogsaverroes.juntadeandalucia.es\/iesodiel\/files\/2019\/05\/Feria-de-las-Ciencias-2019_11.jpeg\" class=\"attachment-full size-full\" alt=\"\" aria-describedby=\"gallery-1-4361\" srcset=\"https:\/\/blogsaverroes.juntadeandalucia.es\/iesodiel\/files\/2019\/05\/Feria-de-las-Ciencias-2019_11.jpeg 1600w, https:\/\/blogsaverroes.juntadeandalucia.es\/iesodiel\/files\/2019\/05\/Feria-de-las-Ciencias-2019_11-300x225.jpeg 300w, https:\/\/blogsaverroes.juntadeandalucia.es\/iesodiel\/files\/2019\/05\/Feria-de-las-Ciencias-2019_11-768x576.jpeg 768w, https:\/\/blogsaverroes.juntadeandalucia.es\/iesodiel\/files\/2019\/05\/Feria-de-las-Ciencias-2019_11-1024x768.jpeg 1024w, https:\/\/blogsaverroes.juntadeandalucia.es\/iesodiel\/files\/2019\/05\/Feria-de-las-Ciencias-2019_11-24x18.jpeg 24w, https:\/\/blogsaverroes.juntadeandalucia.es\/iesodiel\/files\/2019\/05\/Feria-de-las-Ciencias-2019_11-36x27.jpeg 36w, https:\/\/blogsaverroes.juntadeandalucia.es\/iesodiel\/files\/2019\/05\/Feria-de-las-Ciencias-2019_11-48x36.jpeg 48w\" sizes=\"(max-width: 1600px) 100vw, 1600px\" \/><\/a>\n\t\t\t<\/dt>\n\t\t\t\t<dd class='wp-caption-text gallery-caption' id='gallery-1-4361'>\n\t\t\t\tLos bolis equilibristas :Arqu\u00edmedes\n\t\t\t\t<\/dd><\/dl>\n\t\t\t<br style='clear: both' \/>\n\t\t<\/div>\n\n<div style=\"width: 848px;\" class=\"wp-video\"><!--[if lt IE 9]><script>document.createElement('video');<\/script><![endif]-->\n<video class=\"wp-video-shortcode\" id=\"video-4347-1\" width=\"848\" height=\"480\" preload=\"metadata\" controls=\"controls\"><source type=\"video\/mp4\" src=\"https:\/\/blogsaverroes.juntadeandalucia.es\/iesodiel\/files\/2019\/05\/Feria-de-las-Ciencias-2019-video.mp4?_=1\" \/><a href=\"https:\/\/blogsaverroes.juntadeandalucia.es\/iesodiel\/files\/2019\/05\/Feria-de-las-Ciencias-2019-video.mp4\">https:\/\/blogsaverroes.juntadeandalucia.es\/iesodiel\/files\/2019\/05\/Feria-de-las-Ciencias-2019-video.mp4<\/a><\/video><\/div>\n<p>Nos lo cont\u00f3, Marta Mor\u00e1n.<\/p>\n","protected":false},"excerpt":{"rendered":"<p>Nuestros alumnos, acompa\u00f1ados de Marta Mor\u00e1n y Lourdes Quintero visitaron ayer jueves la Feria de las Ciencias de Sevilla. \u00bb order_by=\u00bbsortorder\u00bb order_direction=\u00bbASC\u00bb returns=\u00bbincluded\u00bb maximum_entity_count=\u00bb500&#8243;] Nos lo cont\u00f3, Marta Mor\u00e1n.<\/p>\n","protected":false},"author":6260,"featured_media":4356,"comment_status":"open","ping_status":"open","sticky":false,"template":"","format":"standard","meta":{"ngg_post_thumbnail":0,"footnotes":""},"categories":[5991,12185],"tags":[],"aioseo_notices":[],"_links":{"self":[{"href":"https:\/\/blogsaverroes.juntadeandalucia.es\/iesodiel\/wp-json\/wp\/v2\/posts\/4347"}],"collection":[{"href":"https:\/\/blogsaverroes.juntadeandalucia.es\/iesodiel\/wp-json\/wp\/v2\/posts"}],"about":[{"href":"https:\/\/blogsaverroes.juntadeandalucia.es\/iesodiel\/wp-json\/wp\/v2\/types\/post"}],"author":[{"embeddable":true,"href":"https:\/\/blogsaverroes.juntadeandalucia.es\/iesodiel\/wp-json\/wp\/v2\/users\/6260"}],"replies":[{"embeddable":true,"href":"https:\/\/blogsaverroes.juntadeandalucia.es\/iesodiel\/wp-json\/wp\/v2\/comments?post=4347"}],"version-history":[{"count":18,"href":"https:\/\/blogsaverroes.juntadeandalucia.es\/iesodiel\/wp-json\/wp\/v2\/posts\/4347\/revisions"}],"predecessor-version":[{"id":4559,"href":"https:\/\/blogsaverroes.juntadeandalucia.es\/iesodiel\/wp-json\/wp\/v2\/posts\/4347\/revisions\/4559"}],"wp:featuredmedia":[{"embeddable":true,"href":"https:\/\/blogsaverroes.juntadeandalucia.es\/iesodiel\/wp-json\/wp\/v2\/media\/4356"}],"wp:attachment":[{"href":"https:\/\/blogsaverroes.juntadeandalucia.es\/iesodiel\/wp-json\/wp\/v2\/media?parent=4347"}],"wp:term":[{"taxonomy":"category","embeddable":true,"href":"https:\/\/blogsaverroes.juntadeandalucia.es\/iesodiel\/wp-json\/wp\/v2\/categories?post=4347"},{"taxonomy":"post_tag","embeddable":true,"href":"https:\/\/blogsaverroes.juntadeandalucia.es\/iesodiel\/wp-json\/wp\/v2\/tags?post=4347"}],"curies":[{"name":"wp","href":"https:\/\/api.w.org\/{rel}","templated":true}]}}