{"id":4368,"date":"2019-05-18T13:53:25","date_gmt":"2019-05-18T11:53:25","guid":{"rendered":"https:\/\/blogsaverroes.juntadeandalucia.es\/iesodiel\/?p=4368"},"modified":"2023-05-17T12:44:42","modified_gmt":"2023-05-17T10:44:42","slug":"4oeso-recuerdo-del-crucero-2019","status":"publish","type":"post","link":"https:\/\/blogsaverroes.juntadeandalucia.es\/iesodiel\/2019\/05\/18\/4oeso-recuerdo-del-crucero-2019\/","title":{"rendered":"4\u00baESO, recuerdo del Crucero 2019"},"content":{"rendered":"<p><iframe loading=\"lazy\" src=\"https:\/\/www.youtube.com\/embed\/CYx_2nYXk_0\" width=\"560\" height=\"315\" frameborder=\"0\"><\/iframe><\/p>\n<p>&nbsp;<\/p>\n<p>Del 4 al 11 de mayo nuestros alumnos y alumnas de 4\u00ba de la ESO, han disfrutado de su viaje de Fin de Curso y como se viene repitiendo en los \u00faltimos a\u00f1os, ha consistido en un Crucero por el Mediterr\u00e1neo.<br \/>\nGuiados por los profesores Paco Garc\u00eda, Miguel Lim\u00f3n y V\u00edctor Barroso, los alumnos\/as han podido conocer la historia, la cultura, el patrimonio, la gastronom\u00eda&#8230; de magnificas ciudades como G\u00e9nova, Florencia, Roma, Cannes, Palma de Mallorca y Barcelona.<br \/>\nPor supuesto tambi\u00e9n han tenido tiempo para disfrutar y aprovechar la multitud de alternativas de ocio que el barco les ofrec\u00eda.<br \/>\nSin duda una experiencia \u00fanica que les quedar\u00e1 grabada de por vida.<\/p>\n<p>V\u00edctor Barroso<\/p>\n","protected":false},"excerpt":{"rendered":"<p>&nbsp; Del 4 al 11 de mayo nuestros alumnos y alumnas de 4\u00ba de la ESO, han disfrutado de su viaje de Fin de Curso y como se viene repitiendo en los \u00faltimos a\u00f1os,&#46;&#46;&#46;<\/p>\n","protected":false},"author":6260,"featured_media":2876,"comment_status":"open","ping_status":"open","sticky":false,"template":"","format":"standard","meta":{"ngg_post_thumbnail":0,"footnotes":""},"categories":[5991,1444094,25506,343725],"tags":[],"aioseo_notices":[],"_links":{"self":[{"href":"https:\/\/blogsaverroes.juntadeandalucia.es\/iesodiel\/wp-json\/wp\/v2\/posts\/4368"}],"collection":[{"href":"https:\/\/blogsaverroes.juntadeandalucia.es\/iesodiel\/wp-json\/wp\/v2\/posts"}],"about":[{"href":"https:\/\/blogsaverroes.juntadeandalucia.es\/iesodiel\/wp-json\/wp\/v2\/types\/post"}],"author":[{"embeddable":true,"href":"https:\/\/blogsaverroes.juntadeandalucia.es\/iesodiel\/wp-json\/wp\/v2\/users\/6260"}],"replies":[{"embeddable":true,"href":"https:\/\/blogsaverroes.juntadeandalucia.es\/iesodiel\/wp-json\/wp\/v2\/comments?post=4368"}],"version-history":[{"count":4,"href":"https:\/\/blogsaverroes.juntadeandalucia.es\/iesodiel\/wp-json\/wp\/v2\/posts\/4368\/revisions"}],"predecessor-version":[{"id":9238,"href":"https:\/\/blogsaverroes.juntadeandalucia.es\/iesodiel\/wp-json\/wp\/v2\/posts\/4368\/revisions\/9238"}],"wp:featuredmedia":[{"embeddable":true,"href":"https:\/\/blogsaverroes.juntadeandalucia.es\/iesodiel\/wp-json\/wp\/v2\/media\/2876"}],"wp:attachment":[{"href":"https:\/\/blogsaverroes.juntadeandalucia.es\/iesodiel\/wp-json\/wp\/v2\/media?parent=4368"}],"wp:term":[{"taxonomy":"category","embeddable":true,"href":"https:\/\/blogsaverroes.juntadeandalucia.es\/iesodiel\/wp-json\/wp\/v2\/categories?post=4368"},{"taxonomy":"post_tag","embeddable":true,"href":"https:\/\/blogsaverroes.juntadeandalucia.es\/iesodiel\/wp-json\/wp\/v2\/tags?post=4368"}],"curies":[{"name":"wp","href":"https:\/\/api.w.org\/{rel}","templated":true}]}}