{"id":4724,"date":"2019-08-15T15:06:32","date_gmt":"2019-08-15T13:06:32","guid":{"rendered":"https:\/\/blogsaverroes.juntadeandalucia.es\/iesodiel\/?p=4724"},"modified":"2019-08-15T15:06:32","modified_gmt":"2019-08-15T13:06:32","slug":"premios-a-la-educacion-y-el-esfuerzo-academico-2019","status":"publish","type":"post","link":"https:\/\/blogsaverroes.juntadeandalucia.es\/iesodiel\/2019\/08\/15\/premios-a-la-educacion-y-el-esfuerzo-academico-2019\/","title":{"rendered":"Premios a la Educaci\u00f3n y el Esfuerzo acad\u00e9mico 2019"},"content":{"rendered":"<p>En la noche de ayer mi\u00e9rcoles, durante los actos que dieron comienzo a las Fiestas de San Roque 2019, el Ayuntamiento de Gibrale\u00f3n premi\u00f3 a los mejores expedientes acad\u00e9micos de nuestros alumnos. Tambi\u00e9n se han otorgado dos premios para valorar el esfuerzo acad\u00e9mico.<\/p>\n<p>\u00a1Nuestra m\u00e1s sincera enhorabuena a todas!<\/p>\n<p>&nbsp;<a href=\"https:\/\/blogsaverroes.juntadeandalucia.es\/iesodiel\/files\/2019\/08\/Premios-a-la-educaci\u00f3n-2019_1.jpg\"><img loading=\"lazy\" decoding=\"async\" class=\"alignnone wp-image-4725\" src=\"https:\/\/blogsaverroes.juntadeandalucia.es\/iesodiel\/files\/2019\/08\/Premios-a-la-educaci\u00f3n-2019_1-212x300.jpg\" alt=\"\" width=\"475\" height=\"672\" srcset=\"https:\/\/blogsaverroes.juntadeandalucia.es\/iesodiel\/files\/2019\/08\/Premios-a-la-educaci\u00f3n-2019_1-212x300.jpg 212w, https:\/\/blogsaverroes.juntadeandalucia.es\/iesodiel\/files\/2019\/08\/Premios-a-la-educaci\u00f3n-2019_1-768x1087.jpg 768w, https:\/\/blogsaverroes.juntadeandalucia.es\/iesodiel\/files\/2019\/08\/Premios-a-la-educaci\u00f3n-2019_1-724x1024.jpg 724w, https:\/\/blogsaverroes.juntadeandalucia.es\/iesodiel\/files\/2019\/08\/Premios-a-la-educaci\u00f3n-2019_1-17x24.jpg 17w, https:\/\/blogsaverroes.juntadeandalucia.es\/iesodiel\/files\/2019\/08\/Premios-a-la-educaci\u00f3n-2019_1-25x36.jpg 25w, https:\/\/blogsaverroes.juntadeandalucia.es\/iesodiel\/files\/2019\/08\/Premios-a-la-educaci\u00f3n-2019_1-34x48.jpg 34w, https:\/\/blogsaverroes.juntadeandalucia.es\/iesodiel\/files\/2019\/08\/Premios-a-la-educaci\u00f3n-2019_1.jpg 826w\" sizes=\"(max-width: 475px) 100vw, 475px\" \/><\/a><a href=\"https:\/\/blogsaverroes.juntadeandalucia.es\/iesodiel\/files\/2019\/08\/Premios-a-la-educaci\u00f3n-2019_2.jpg\"><img loading=\"lazy\" decoding=\"async\" class=\"alignnone wp-image-4726\" src=\"https:\/\/blogsaverroes.juntadeandalucia.es\/iesodiel\/files\/2019\/08\/Premios-a-la-educaci\u00f3n-2019_2-212x300.jpg\" alt=\"\" width=\"476\" height=\"674\" srcset=\"https:\/\/blogsaverroes.juntadeandalucia.es\/iesodiel\/files\/2019\/08\/Premios-a-la-educaci\u00f3n-2019_2-212x300.jpg 212w, https:\/\/blogsaverroes.juntadeandalucia.es\/iesodiel\/files\/2019\/08\/Premios-a-la-educaci\u00f3n-2019_2-768x1087.jpg 768w, https:\/\/blogsaverroes.juntadeandalucia.es\/iesodiel\/files\/2019\/08\/Premios-a-la-educaci\u00f3n-2019_2-724x1024.jpg 724w, https:\/\/blogsaverroes.juntadeandalucia.es\/iesodiel\/files\/2019\/08\/Premios-a-la-educaci\u00f3n-2019_2-17x24.jpg 17w, https:\/\/blogsaverroes.juntadeandalucia.es\/iesodiel\/files\/2019\/08\/Premios-a-la-educaci\u00f3n-2019_2-25x36.jpg 25w, https:\/\/blogsaverroes.juntadeandalucia.es\/iesodiel\/files\/2019\/08\/Premios-a-la-educaci\u00f3n-2019_2-34x48.jpg 34w, https:\/\/blogsaverroes.juntadeandalucia.es\/iesodiel\/files\/2019\/08\/Premios-a-la-educaci\u00f3n-2019_2.jpg 826w\" sizes=\"(max-width: 476px) 100vw, 476px\" \/><\/a><\/p>\n<p>Fuente: <a href=\"https:\/\/joom.ag\/HO5e\" target=\"_blank\" rel=\"noopener noreferrer\">Revista San Roque 2019<\/a> desde <a href=\"http:\/\/www.gibraleon.com\/\" target=\"_blank\" rel=\"noopener noreferrer\">Ayto de Gibrale\u00f3n<\/a>&nbsp;<\/p>\n","protected":false},"excerpt":{"rendered":"<p>En la noche de ayer mi\u00e9rcoles, durante los actos que dieron comienzo a las Fiestas de San Roque 2019, el Ayuntamiento de Gibrale\u00f3n premi\u00f3 a los mejores expedientes acad\u00e9micos de nuestros alumnos. Tambi\u00e9n se&#46;&#46;&#46;<\/p>\n","protected":false},"author":6260,"featured_media":3188,"comment_status":"open","ping_status":"open","sticky":false,"template":"","format":"standard","meta":{"ngg_post_thumbnail":0,"footnotes":""},"categories":[52],"tags":[],"aioseo_notices":[],"_links":{"self":[{"href":"https:\/\/blogsaverroes.juntadeandalucia.es\/iesodiel\/wp-json\/wp\/v2\/posts\/4724"}],"collection":[{"href":"https:\/\/blogsaverroes.juntadeandalucia.es\/iesodiel\/wp-json\/wp\/v2\/posts"}],"about":[{"href":"https:\/\/blogsaverroes.juntadeandalucia.es\/iesodiel\/wp-json\/wp\/v2\/types\/post"}],"author":[{"embeddable":true,"href":"https:\/\/blogsaverroes.juntadeandalucia.es\/iesodiel\/wp-json\/wp\/v2\/users\/6260"}],"replies":[{"embeddable":true,"href":"https:\/\/blogsaverroes.juntadeandalucia.es\/iesodiel\/wp-json\/wp\/v2\/comments?post=4724"}],"version-history":[{"count":5,"href":"https:\/\/blogsaverroes.juntadeandalucia.es\/iesodiel\/wp-json\/wp\/v2\/posts\/4724\/revisions"}],"predecessor-version":[{"id":4731,"href":"https:\/\/blogsaverroes.juntadeandalucia.es\/iesodiel\/wp-json\/wp\/v2\/posts\/4724\/revisions\/4731"}],"wp:featuredmedia":[{"embeddable":true,"href":"https:\/\/blogsaverroes.juntadeandalucia.es\/iesodiel\/wp-json\/wp\/v2\/media\/3188"}],"wp:attachment":[{"href":"https:\/\/blogsaverroes.juntadeandalucia.es\/iesodiel\/wp-json\/wp\/v2\/media?parent=4724"}],"wp:term":[{"taxonomy":"category","embeddable":true,"href":"https:\/\/blogsaverroes.juntadeandalucia.es\/iesodiel\/wp-json\/wp\/v2\/categories?post=4724"},{"taxonomy":"post_tag","embeddable":true,"href":"https:\/\/blogsaverroes.juntadeandalucia.es\/iesodiel\/wp-json\/wp\/v2\/tags?post=4724"}],"curies":[{"name":"wp","href":"https:\/\/api.w.org\/{rel}","templated":true}]}}