{"id":5001,"date":"2019-12-02T12:31:17","date_gmt":"2019-12-02T11:31:17","guid":{"rendered":"https:\/\/blogsaverroes.juntadeandalucia.es\/iesodiel\/?p=5001"},"modified":"2019-12-02T19:28:20","modified_gmt":"2019-12-02T18:28:20","slug":"alumnos-de-frances-asisten-a-una-representacion-teatral","status":"publish","type":"post","link":"https:\/\/blogsaverroes.juntadeandalucia.es\/iesodiel\/2019\/12\/02\/alumnos-de-frances-asisten-a-una-representacion-teatral\/","title":{"rendered":"Alumnos de Franc\u00e9s asisten a una representaci\u00f3n teatral."},"content":{"rendered":"<div dir=\"auto\">\u00bfAlguna vez has pensado cu\u00e1nto hay de la vida de un autor en su obra? \u00bfSabes cu\u00e1nto se puede esconder detr\u00e1s de la imagen de una rosa, un zorro o un \u00e1rbol? Muchos conocen su obra, pero pocos al hombre cuya vida est\u00e1 a la altura del mejor de sus relatos. \u201c<a href=\"http:\/\/www.bricabracteatro.com\/Espectaculo-LE-COEUR-DE-L-AVIATEUR.html\" target=\"_blank\" rel=\"noopener noreferrer\">Le coeur de l\u2019 Aviateur\u201d<\/a> nos acerca a la figura del genial Saint-Exup\u00e9ry\u2026 al piloto, al aventurero, al escritor y sobre todo al amante de la vida, a trav\u00e9s de los pasajes que inspiraron su obra m\u00e1s conocida.<\/div>\n<div dir=\"auto\">El pasado 25 de noviembre, los grupos de 3\u00baA, 3\u00baB y 3\u00baC pudieron disfrutar de una obra teatral\/documental sobre la vida y obra de Antoine de Saint \u00c9xupery, \u201cLe coeur de l\u2019 Aviateur\u201d en las Cocheras del Puerto, Huelva.<\/div>\n<div dir=\"auto\"><a href=\"https:\/\/blogsaverroes.juntadeandalucia.es\/iesodiel\/files\/2019\/12\/Le-coeur-de-l\u2019-Aviateur-1.jpeg\"><img loading=\"lazy\" decoding=\"async\" class=\"aligncenter size-full wp-image-5000\" src=\"https:\/\/blogsaverroes.juntadeandalucia.es\/iesodiel\/files\/2019\/12\/Le-coeur-de-l\u2019-Aviateur-1.jpeg\" alt=\"\" width=\"1600\" height=\"1200\" srcset=\"https:\/\/blogsaverroes.juntadeandalucia.es\/iesodiel\/files\/2019\/12\/Le-coeur-de-l\u2019-Aviateur-1.jpeg 1600w, https:\/\/blogsaverroes.juntadeandalucia.es\/iesodiel\/files\/2019\/12\/Le-coeur-de-l\u2019-Aviateur-1-300x225.jpeg 300w, https:\/\/blogsaverroes.juntadeandalucia.es\/iesodiel\/files\/2019\/12\/Le-coeur-de-l\u2019-Aviateur-1-768x576.jpeg 768w, https:\/\/blogsaverroes.juntadeandalucia.es\/iesodiel\/files\/2019\/12\/Le-coeur-de-l\u2019-Aviateur-1-1024x768.jpeg 1024w, https:\/\/blogsaverroes.juntadeandalucia.es\/iesodiel\/files\/2019\/12\/Le-coeur-de-l\u2019-Aviateur-1-24x18.jpeg 24w, https:\/\/blogsaverroes.juntadeandalucia.es\/iesodiel\/files\/2019\/12\/Le-coeur-de-l\u2019-Aviateur-1-36x27.jpeg 36w, https:\/\/blogsaverroes.juntadeandalucia.es\/iesodiel\/files\/2019\/12\/Le-coeur-de-l\u2019-Aviateur-1-48x36.jpeg 48w\" sizes=\"(max-width: 1600px) 100vw, 1600px\" \/><\/a><\/div>\n<div dir=\"auto\">Desde el departamento de franc\u00e9s intentamos desarrollar y cultivar el inter\u00e9s por la lectura y la comprensi\u00f3n oral desde obras de teatro como pel\u00edculas, series y exposiciones de los propios alumnos.<\/div>\n<div dir=\"auto\">La experiencia fue muy gratificante para el profesorado y enriquecedora para los alumnos y alumnas asistentes a la representaci\u00f3n .<\/div>\n<div dir=\"auto\">Amenazamos con volver&#8230;.<\/div>\n<div dir=\"auto\">&nbsp;<\/div>\n<div dir=\"auto\">Gracias a Anabel Mart\u00ednez por la noticia.<\/div>\n","protected":false},"excerpt":{"rendered":"<p>\u00bfAlguna vez has pensado cu\u00e1nto hay de la vida de un autor en su obra? \u00bfSabes cu\u00e1nto se puede esconder detr\u00e1s de la imagen de una rosa, un zorro o un \u00e1rbol? Muchos conocen&#46;&#46;&#46;<\/p>\n","protected":false},"author":6260,"featured_media":5000,"comment_status":"open","ping_status":"open","sticky":false,"template":"","format":"standard","meta":{"ngg_post_thumbnail":0,"footnotes":""},"categories":[5991,25502],"tags":[],"aioseo_notices":[],"_links":{"self":[{"href":"https:\/\/blogsaverroes.juntadeandalucia.es\/iesodiel\/wp-json\/wp\/v2\/posts\/5001"}],"collection":[{"href":"https:\/\/blogsaverroes.juntadeandalucia.es\/iesodiel\/wp-json\/wp\/v2\/posts"}],"about":[{"href":"https:\/\/blogsaverroes.juntadeandalucia.es\/iesodiel\/wp-json\/wp\/v2\/types\/post"}],"author":[{"embeddable":true,"href":"https:\/\/blogsaverroes.juntadeandalucia.es\/iesodiel\/wp-json\/wp\/v2\/users\/6260"}],"replies":[{"embeddable":true,"href":"https:\/\/blogsaverroes.juntadeandalucia.es\/iesodiel\/wp-json\/wp\/v2\/comments?post=5001"}],"version-history":[{"count":3,"href":"https:\/\/blogsaverroes.juntadeandalucia.es\/iesodiel\/wp-json\/wp\/v2\/posts\/5001\/revisions"}],"predecessor-version":[{"id":5005,"href":"https:\/\/blogsaverroes.juntadeandalucia.es\/iesodiel\/wp-json\/wp\/v2\/posts\/5001\/revisions\/5005"}],"wp:featuredmedia":[{"embeddable":true,"href":"https:\/\/blogsaverroes.juntadeandalucia.es\/iesodiel\/wp-json\/wp\/v2\/media\/5000"}],"wp:attachment":[{"href":"https:\/\/blogsaverroes.juntadeandalucia.es\/iesodiel\/wp-json\/wp\/v2\/media?parent=5001"}],"wp:term":[{"taxonomy":"category","embeddable":true,"href":"https:\/\/blogsaverroes.juntadeandalucia.es\/iesodiel\/wp-json\/wp\/v2\/categories?post=5001"},{"taxonomy":"post_tag","embeddable":true,"href":"https:\/\/blogsaverroes.juntadeandalucia.es\/iesodiel\/wp-json\/wp\/v2\/tags?post=5001"}],"curies":[{"name":"wp","href":"https:\/\/api.w.org\/{rel}","templated":true}]}}