{"id":5144,"date":"2019-12-19T15:27:46","date_gmt":"2019-12-19T14:27:46","guid":{"rendered":"https:\/\/blogsaverroes.juntadeandalucia.es\/iesodiel\/?p=5144"},"modified":"2019-12-19T15:29:13","modified_gmt":"2019-12-19T14:29:13","slug":"concurso-de-postales-navidenas","status":"publish","type":"post","link":"https:\/\/blogsaverroes.juntadeandalucia.es\/iesodiel\/2019\/12\/19\/concurso-de-postales-navidenas\/","title":{"rendered":"Concurso de postales navide\u00f1as"},"content":{"rendered":"<p>&nbsp;&nbsp; <a href=\"https:\/\/blogsaverroes.juntadeandalucia.es\/iesodiel\/files\/2019\/12\/Concurso-postales-navide\u00f1as-AMPA2019-4.jpg\"><img loading=\"lazy\" decoding=\"async\" class=\"aligncenter size-full wp-image-5149\" src=\"https:\/\/blogsaverroes.juntadeandalucia.es\/iesodiel\/files\/2019\/12\/Concurso-postales-navide\u00f1as-AMPA2019-4.jpg\" alt=\"\" width=\"1600\" height=\"1200\" srcset=\"https:\/\/blogsaverroes.juntadeandalucia.es\/iesodiel\/files\/2019\/12\/Concurso-postales-navide\u00f1as-AMPA2019-4.jpg 1600w, https:\/\/blogsaverroes.juntadeandalucia.es\/iesodiel\/files\/2019\/12\/Concurso-postales-navide\u00f1as-AMPA2019-4-300x225.jpg 300w, https:\/\/blogsaverroes.juntadeandalucia.es\/iesodiel\/files\/2019\/12\/Concurso-postales-navide\u00f1as-AMPA2019-4-768x576.jpg 768w, https:\/\/blogsaverroes.juntadeandalucia.es\/iesodiel\/files\/2019\/12\/Concurso-postales-navide\u00f1as-AMPA2019-4-1024x768.jpg 1024w, https:\/\/blogsaverroes.juntadeandalucia.es\/iesodiel\/files\/2019\/12\/Concurso-postales-navide\u00f1as-AMPA2019-4-24x18.jpg 24w, https:\/\/blogsaverroes.juntadeandalucia.es\/iesodiel\/files\/2019\/12\/Concurso-postales-navide\u00f1as-AMPA2019-4-36x27.jpg 36w, https:\/\/blogsaverroes.juntadeandalucia.es\/iesodiel\/files\/2019\/12\/Concurso-postales-navide\u00f1as-AMPA2019-4-48x36.jpg 48w\" sizes=\"(max-width: 1600px) 100vw, 1600px\" \/><\/a>Ayer mi\u00e9rcoles, se resolvi\u00f3 el primer concurso de postales navide\u00f1as organizado por el <a href=\"https:\/\/www.facebook.com\/ampa.montedelasfuentes\" target=\"_blank\" rel=\"noopener noreferrer\">AMPA Monte de las Fuentes<\/a> en el que todo el alumnado participante fue distinguido con un diploma. La postal navide\u00f1a que ha resultado ganadora ha sido la de <strong>Laura Bayo Pe\u00f1a<\/strong> de 1\u00ba ESO F. En segundo lugar qued\u00f3 el <em>christma<\/em> de <strong>Xinjie Ru\u00e1n<\/strong> de 2\u00ba ESO C.<\/p>\n\n\t\t<style>\n\t\t\t#gallery-1 {\n\t\t\t\tmargin: auto;\n\t\t\t}\n\t\t\t#gallery-1 .gallery-item {\n\t\t\t\tfloat: left;\n\t\t\t\tmargin-top: 10px;\n\t\t\t\ttext-align: center;\n\t\t\t\twidth: 33%;\n\t\t\t}\n\t\t\t#gallery-1 img {\n\t\t\t\tborder: 2px solid #cfcfcf;\n\t\t\t}\n\t\t\t#gallery-1 .gallery-caption {\n\t\t\t\tmargin-left: 0;\n\t\t\t}\n\t\t\t\/* see gallery_shortcode() in wp-includes\/media.php *\/\n\t\t<\/style>\n\t\t<div id='gallery-1' class='gallery galleryid-5144 gallery-columns-3 gallery-size-thumbnail'><dl class='gallery-item'>\n\t\t\t<dt class='gallery-icon landscape'>\n\t\t\t\t<a href='https:\/\/blogsaverroes.juntadeandalucia.es\/iesodiel\/2019\/12\/19\/concurso-de-postales-navidenas\/concurso-postales-navidenas-ampa2019-1\/'><img loading=\"lazy\" decoding=\"async\" width=\"150\" height=\"150\" src=\"https:\/\/blogsaverroes.juntadeandalucia.es\/iesodiel\/files\/2019\/12\/Concurso-postales-navide\u00f1as-AMPA2019-1-150x150.jpg\" class=\"attachment-thumbnail size-thumbnail\" alt=\"\" srcset=\"https:\/\/blogsaverroes.juntadeandalucia.es\/iesodiel\/files\/2019\/12\/Concurso-postales-navide\u00f1as-AMPA2019-1-150x150.jpg 150w, https:\/\/blogsaverroes.juntadeandalucia.es\/iesodiel\/files\/2019\/12\/Concurso-postales-navide\u00f1as-AMPA2019-1-100x100.jpg 100w, https:\/\/blogsaverroes.juntadeandalucia.es\/iesodiel\/files\/2019\/12\/Concurso-postales-navide\u00f1as-AMPA2019-1-160x160.jpg 160w, https:\/\/blogsaverroes.juntadeandalucia.es\/iesodiel\/files\/2019\/12\/Concurso-postales-navide\u00f1as-AMPA2019-1-320x320.jpg 320w\" sizes=\"(max-width: 150px) 100vw, 150px\" \/><\/a>\n\t\t\t<\/dt><\/dl><dl class='gallery-item'>\n\t\t\t<dt class='gallery-icon landscape'>\n\t\t\t\t<a href='https:\/\/blogsaverroes.juntadeandalucia.es\/iesodiel\/2019\/12\/19\/concurso-de-postales-navidenas\/concurso-postales-navidenas-ampa2019-2\/'><img loading=\"lazy\" decoding=\"async\" width=\"150\" height=\"150\" src=\"https:\/\/blogsaverroes.juntadeandalucia.es\/iesodiel\/files\/2019\/12\/Concurso-postales-navide\u00f1as-AMPA2019-2-150x150.jpg\" class=\"attachment-thumbnail size-thumbnail\" alt=\"\" srcset=\"https:\/\/blogsaverroes.juntadeandalucia.es\/iesodiel\/files\/2019\/12\/Concurso-postales-navide\u00f1as-AMPA2019-2-150x150.jpg 150w, https:\/\/blogsaverroes.juntadeandalucia.es\/iesodiel\/files\/2019\/12\/Concurso-postales-navide\u00f1as-AMPA2019-2-100x100.jpg 100w, https:\/\/blogsaverroes.juntadeandalucia.es\/iesodiel\/files\/2019\/12\/Concurso-postales-navide\u00f1as-AMPA2019-2-160x160.jpg 160w, https:\/\/blogsaverroes.juntadeandalucia.es\/iesodiel\/files\/2019\/12\/Concurso-postales-navide\u00f1as-AMPA2019-2-320x320.jpg 320w\" sizes=\"(max-width: 150px) 100vw, 150px\" \/><\/a>\n\t\t\t<\/dt><\/dl><dl class='gallery-item'>\n\t\t\t<dt class='gallery-icon landscape'>\n\t\t\t\t<a href='https:\/\/blogsaverroes.juntadeandalucia.es\/iesodiel\/2019\/12\/19\/concurso-de-postales-navidenas\/concurso-postales-navidenas-ampa2019-3\/'><img loading=\"lazy\" decoding=\"async\" width=\"150\" height=\"150\" src=\"https:\/\/blogsaverroes.juntadeandalucia.es\/iesodiel\/files\/2019\/12\/Concurso-postales-navide\u00f1as-AMPA2019-3-150x150.jpg\" class=\"attachment-thumbnail size-thumbnail\" alt=\"\" srcset=\"https:\/\/blogsaverroes.juntadeandalucia.es\/iesodiel\/files\/2019\/12\/Concurso-postales-navide\u00f1as-AMPA2019-3-150x150.jpg 150w, https:\/\/blogsaverroes.juntadeandalucia.es\/iesodiel\/files\/2019\/12\/Concurso-postales-navide\u00f1as-AMPA2019-3-100x100.jpg 100w, https:\/\/blogsaverroes.juntadeandalucia.es\/iesodiel\/files\/2019\/12\/Concurso-postales-navide\u00f1as-AMPA2019-3-160x160.jpg 160w, https:\/\/blogsaverroes.juntadeandalucia.es\/iesodiel\/files\/2019\/12\/Concurso-postales-navide\u00f1as-AMPA2019-3-320x320.jpg 320w\" sizes=\"(max-width: 150px) 100vw, 150px\" \/><\/a>\n\t\t\t<\/dt><\/dl><br style=\"clear: both\" \/>\n\t\t<\/div>\n\n<p>Gracias por la informaci\u00f3n y las im\u00e1genes a Antonio Luis Gonz\u00e1lez y AMPA Monte de las Fuentes<\/p>\n","protected":false},"excerpt":{"rendered":"<p>&nbsp;&nbsp; Ayer mi\u00e9rcoles, se resolvi\u00f3 el primer concurso de postales navide\u00f1as organizado por el AMPA Monte de las Fuentes en el que todo el alumnado participante fue distinguido con un diploma. La postal navide\u00f1a&#46;&#46;&#46;<\/p>\n","protected":false},"author":6260,"featured_media":5149,"comment_status":"open","ping_status":"open","sticky":false,"template":"","format":"standard","meta":{"ngg_post_thumbnail":0,"footnotes":""},"categories":[379625],"tags":[],"aioseo_notices":[],"_links":{"self":[{"href":"https:\/\/blogsaverroes.juntadeandalucia.es\/iesodiel\/wp-json\/wp\/v2\/posts\/5144"}],"collection":[{"href":"https:\/\/blogsaverroes.juntadeandalucia.es\/iesodiel\/wp-json\/wp\/v2\/posts"}],"about":[{"href":"https:\/\/blogsaverroes.juntadeandalucia.es\/iesodiel\/wp-json\/wp\/v2\/types\/post"}],"author":[{"embeddable":true,"href":"https:\/\/blogsaverroes.juntadeandalucia.es\/iesodiel\/wp-json\/wp\/v2\/users\/6260"}],"replies":[{"embeddable":true,"href":"https:\/\/blogsaverroes.juntadeandalucia.es\/iesodiel\/wp-json\/wp\/v2\/comments?post=5144"}],"version-history":[{"count":4,"href":"https:\/\/blogsaverroes.juntadeandalucia.es\/iesodiel\/wp-json\/wp\/v2\/posts\/5144\/revisions"}],"predecessor-version":[{"id":5152,"href":"https:\/\/blogsaverroes.juntadeandalucia.es\/iesodiel\/wp-json\/wp\/v2\/posts\/5144\/revisions\/5152"}],"wp:featuredmedia":[{"embeddable":true,"href":"https:\/\/blogsaverroes.juntadeandalucia.es\/iesodiel\/wp-json\/wp\/v2\/media\/5149"}],"wp:attachment":[{"href":"https:\/\/blogsaverroes.juntadeandalucia.es\/iesodiel\/wp-json\/wp\/v2\/media?parent=5144"}],"wp:term":[{"taxonomy":"category","embeddable":true,"href":"https:\/\/blogsaverroes.juntadeandalucia.es\/iesodiel\/wp-json\/wp\/v2\/categories?post=5144"},{"taxonomy":"post_tag","embeddable":true,"href":"https:\/\/blogsaverroes.juntadeandalucia.es\/iesodiel\/wp-json\/wp\/v2\/tags?post=5144"}],"curies":[{"name":"wp","href":"https:\/\/api.w.org\/{rel}","templated":true}]}}