{"id":5258,"date":"2020-02-09T19:08:10","date_gmt":"2020-02-09T18:08:10","guid":{"rendered":"https:\/\/blogsaverroes.juntadeandalucia.es\/iesodiel\/?p=5258"},"modified":"2020-02-09T19:08:10","modified_gmt":"2020-02-09T18:08:10","slug":"becas-europa","status":"publish","type":"post","link":"https:\/\/blogsaverroes.juntadeandalucia.es\/iesodiel\/2020\/02\/09\/becas-europa\/","title":{"rendered":"Becas Europa"},"content":{"rendered":"<p><a href=\"https:\/\/blogsaverroes.juntadeandalucia.es\/iesodiel\/files\/2020\/02\/logo_becas-europa.jpg\"><img loading=\"lazy\" decoding=\"async\" class=\"aligncenter size-full wp-image-5259\" src=\"https:\/\/blogsaverroes.juntadeandalucia.es\/iesodiel\/files\/2020\/02\/logo_becas-europa.jpg\" alt=\"\" width=\"340\" height=\"216\" srcset=\"https:\/\/blogsaverroes.juntadeandalucia.es\/iesodiel\/files\/2020\/02\/logo_becas-europa.jpg 340w, https:\/\/blogsaverroes.juntadeandalucia.es\/iesodiel\/files\/2020\/02\/logo_becas-europa-300x191.jpg 300w, https:\/\/blogsaverroes.juntadeandalucia.es\/iesodiel\/files\/2020\/02\/logo_becas-europa-24x15.jpg 24w, https:\/\/blogsaverroes.juntadeandalucia.es\/iesodiel\/files\/2020\/02\/logo_becas-europa-36x23.jpg 36w, https:\/\/blogsaverroes.juntadeandalucia.es\/iesodiel\/files\/2020\/02\/logo_becas-europa-48x30.jpg 48w\" sizes=\"(max-width: 340px) 100vw, 340px\" \/><\/a><\/p>\n<p>Si te gusta viajar y conocer gente&#8230; tienes una oportunidad con las Becas Europa. Se trata de una iniciativa impulsada por la <a href=\"http:\/\/www.ufv.es\/\" target=\"_blank\" rel=\"noopener noreferrer\">Universidad Francisco de Vitoria<\/a> (UFV) y el<a href=\"https:\/\/www.bancosantander.es\/es\/particulares\" target=\"_blank\" rel=\"noopener noreferrer\"> Banco Santander<\/a>, con el objetivo de potenciar el talento preuniversitario, premiar la excelencia y apoyar la creaci\u00f3n de redes de liderazgo. Los cincuenta alumnos seleccionados recorrer\u00e1n las principales ciudades universitarias europeas y participar\u00e1n en conferencias y encuentros con personalidades del mundo acad\u00e9mico, pol\u00edtico y cultural europeo. Toda la informaci\u00f3n pinchando <a href=\"https:\/\/www.becaseuropa.es\/\" target=\"_blank\" rel=\"noopener noreferrer\">aqu\u00ed<\/a>.<\/p>\n","protected":false},"excerpt":{"rendered":"<p>Si te gusta viajar y conocer gente&#8230; tienes una oportunidad con las Becas Europa. Se trata de una iniciativa impulsada por la Universidad Francisco de Vitoria (UFV) y el Banco Santander, con el objetivo&#46;&#46;&#46;<\/p>\n","protected":false},"author":6260,"featured_media":5260,"comment_status":"open","ping_status":"open","sticky":false,"template":"","format":"standard","meta":{"ngg_post_thumbnail":0,"footnotes":""},"categories":[1443527],"tags":[],"aioseo_notices":[],"_links":{"self":[{"href":"https:\/\/blogsaverroes.juntadeandalucia.es\/iesodiel\/wp-json\/wp\/v2\/posts\/5258"}],"collection":[{"href":"https:\/\/blogsaverroes.juntadeandalucia.es\/iesodiel\/wp-json\/wp\/v2\/posts"}],"about":[{"href":"https:\/\/blogsaverroes.juntadeandalucia.es\/iesodiel\/wp-json\/wp\/v2\/types\/post"}],"author":[{"embeddable":true,"href":"https:\/\/blogsaverroes.juntadeandalucia.es\/iesodiel\/wp-json\/wp\/v2\/users\/6260"}],"replies":[{"embeddable":true,"href":"https:\/\/blogsaverroes.juntadeandalucia.es\/iesodiel\/wp-json\/wp\/v2\/comments?post=5258"}],"version-history":[{"count":2,"href":"https:\/\/blogsaverroes.juntadeandalucia.es\/iesodiel\/wp-json\/wp\/v2\/posts\/5258\/revisions"}],"predecessor-version":[{"id":5262,"href":"https:\/\/blogsaverroes.juntadeandalucia.es\/iesodiel\/wp-json\/wp\/v2\/posts\/5258\/revisions\/5262"}],"wp:featuredmedia":[{"embeddable":true,"href":"https:\/\/blogsaverroes.juntadeandalucia.es\/iesodiel\/wp-json\/wp\/v2\/media\/5260"}],"wp:attachment":[{"href":"https:\/\/blogsaverroes.juntadeandalucia.es\/iesodiel\/wp-json\/wp\/v2\/media?parent=5258"}],"wp:term":[{"taxonomy":"category","embeddable":true,"href":"https:\/\/blogsaverroes.juntadeandalucia.es\/iesodiel\/wp-json\/wp\/v2\/categories?post=5258"},{"taxonomy":"post_tag","embeddable":true,"href":"https:\/\/blogsaverroes.juntadeandalucia.es\/iesodiel\/wp-json\/wp\/v2\/tags?post=5258"}],"curies":[{"name":"wp","href":"https:\/\/api.w.org\/{rel}","templated":true}]}}