{"id":5729,"date":"2020-04-27T11:45:39","date_gmt":"2020-04-27T09:45:39","guid":{"rendered":"https:\/\/blogsaverroes.juntadeandalucia.es\/iesodiel\/?p=5729"},"modified":"2020-04-27T11:45:39","modified_gmt":"2020-04-27T09:45:39","slug":"orientacion-academica-para-4oeso","status":"publish","type":"post","link":"https:\/\/blogsaverroes.juntadeandalucia.es\/iesodiel\/2020\/04\/27\/orientacion-academica-para-4oeso\/","title":{"rendered":"Orientaci\u00f3n acad\u00e9mica para 4\u00baESO"},"content":{"rendered":"<div>Aprovechamos que empieza una nueva semana, para que vay\u00e1is recordando algunas cosas que ya hablamos en las clases.<\/div>\n<div dir=\"auto\">Este v\u00eddeo muestra todas las salidas acad\u00e9micas que tenemos despu\u00e9s de acabar 4 ESO.&nbsp;<\/div>\n<div dir=\"auto\">Tambi\u00e9n recordaros u avisaros a los que no lo sab\u00edais que en la pesta\u00f1a de orientaci\u00f3n , encontrareis acceso al Programa Orienta con informaci\u00f3n que os ayudar\u00e1 en vuestra autoorientaci\u00f3n.&nbsp;<\/div>\n<div dir=\"auto\">Iremos subiendo m\u00e1s enlaces y herramientas on line que os ayude en la Toma de decisiones sobre vuestro futuro.&nbsp;<\/div>\n<div dir=\"auto\">Por el momento, echad un vistazo a este video.<\/div>\n<div dir=\"auto\">&nbsp;<\/div>\n<div dir=\"auto\">\n<div style=\"width: 960px;\" class=\"wp-video\"><!--[if lt IE 9]><script>document.createElement('video');<\/script><![endif]-->\n<video class=\"wp-video-shortcode\" id=\"video-5729-1\" width=\"960\" height=\"720\" preload=\"metadata\" controls=\"controls\"><source type=\"video\/mp4\" src=\"https:\/\/blogsaverroes.juntadeandalucia.es\/iesodiel\/files\/2020\/04\/ORIENTACI\u00d3N-ACADEMICA-4\u00ba-ESO.mp4?_=1\" \/><a href=\"https:\/\/blogsaverroes.juntadeandalucia.es\/iesodiel\/files\/2020\/04\/ORIENTACI\u00d3N-ACADEMICA-4\u00ba-ESO.mp4\">https:\/\/blogsaverroes.juntadeandalucia.es\/iesodiel\/files\/2020\/04\/ORIENTACI\u00d3N-ACADEMICA-4\u00ba-ESO.mp4<\/a><\/video><\/div>\n<\/div>\n<div dir=\"auto\">&nbsp;<\/div>\n<div dir=\"auto\">Ana y Teresa (orientadoras)<\/div>\n","protected":false},"excerpt":{"rendered":"<p>Aprovechamos que empieza una nueva semana, para que vay\u00e1is recordando algunas cosas que ya hablamos en las clases. Este v\u00eddeo muestra todas las salidas acad\u00e9micas que tenemos despu\u00e9s de acabar 4 ESO.&nbsp; Tambi\u00e9n recordaros&#46;&#46;&#46;<\/p>\n","protected":false},"author":6260,"featured_media":2160,"comment_status":"open","ping_status":"open","sticky":false,"template":"","format":"standard","meta":{"ngg_post_thumbnail":0,"footnotes":""},"categories":[25510],"tags":[],"aioseo_notices":[],"_links":{"self":[{"href":"https:\/\/blogsaverroes.juntadeandalucia.es\/iesodiel\/wp-json\/wp\/v2\/posts\/5729"}],"collection":[{"href":"https:\/\/blogsaverroes.juntadeandalucia.es\/iesodiel\/wp-json\/wp\/v2\/posts"}],"about":[{"href":"https:\/\/blogsaverroes.juntadeandalucia.es\/iesodiel\/wp-json\/wp\/v2\/types\/post"}],"author":[{"embeddable":true,"href":"https:\/\/blogsaverroes.juntadeandalucia.es\/iesodiel\/wp-json\/wp\/v2\/users\/6260"}],"replies":[{"embeddable":true,"href":"https:\/\/blogsaverroes.juntadeandalucia.es\/iesodiel\/wp-json\/wp\/v2\/comments?post=5729"}],"version-history":[{"count":1,"href":"https:\/\/blogsaverroes.juntadeandalucia.es\/iesodiel\/wp-json\/wp\/v2\/posts\/5729\/revisions"}],"predecessor-version":[{"id":5731,"href":"https:\/\/blogsaverroes.juntadeandalucia.es\/iesodiel\/wp-json\/wp\/v2\/posts\/5729\/revisions\/5731"}],"wp:featuredmedia":[{"embeddable":true,"href":"https:\/\/blogsaverroes.juntadeandalucia.es\/iesodiel\/wp-json\/wp\/v2\/media\/2160"}],"wp:attachment":[{"href":"https:\/\/blogsaverroes.juntadeandalucia.es\/iesodiel\/wp-json\/wp\/v2\/media?parent=5729"}],"wp:term":[{"taxonomy":"category","embeddable":true,"href":"https:\/\/blogsaverroes.juntadeandalucia.es\/iesodiel\/wp-json\/wp\/v2\/categories?post=5729"},{"taxonomy":"post_tag","embeddable":true,"href":"https:\/\/blogsaverroes.juntadeandalucia.es\/iesodiel\/wp-json\/wp\/v2\/tags?post=5729"}],"curies":[{"name":"wp","href":"https:\/\/api.w.org\/{rel}","templated":true}]}}