{"id":5747,"date":"2020-05-02T15:33:01","date_gmt":"2020-05-02T13:33:01","guid":{"rendered":"https:\/\/blogsaverroes.juntadeandalucia.es\/iesodiel\/?p=5747"},"modified":"2020-05-04T10:38:02","modified_gmt":"2020-05-04T08:38:02","slug":"como-subir-un-pdf-con-todas-las-imagenes-del-cuaderno-a-mi-profesora","status":"publish","type":"post","link":"https:\/\/blogsaverroes.juntadeandalucia.es\/iesodiel\/2020\/05\/02\/como-subir-un-pdf-con-todas-las-imagenes-del-cuaderno-a-mi-profesora\/","title":{"rendered":"C\u00f3mo subir un pdf con todas las im\u00e1genes del cuaderno a mi profesora"},"content":{"rendered":"<p>Desde que empez\u00f3 esta locura de las clases <em>online<\/em>, los profesores tenemos que corregir muchos ejercicios y agradecemos cuando se mandan <em>correctamente<\/em>.<\/p>\n<p>Creo hablar por todos mis compa\u00f1eros, si digo que nos conformamos con lo siguiente a la hora de fotografiar los cuadernos:<\/p>\n<ul>\n<li>Cuidad que la imagen est\u00e9 bien enfocada y no se vea borrosa o con muy poca luz.<\/li>\n<li>Cuidad el orden en el que se suben las fotos: p\u00e1gina 1, p\u00e1gina 2, p\u00e1gina 3&#8230;.<\/li>\n<li>Cuidad que las fotos no est\u00e9n torcidas. Las fotos salen en horizontal si ponemos el cuaderno sobre la mesa y el m\u00f3vil paralelo a la mesa. Para que salgan bien, coloca el cuaderno en un atril, o ap\u00f3yalo sobre un jarr\u00f3n, la pared, o pide que alguien te lo sostenga. No es necesario que est\u00e9 totalmente vertical. Adem\u00e1s, girar una foto en el m\u00f3vil es muy sencillo con el editor que incorporan todas las c\u00e1maras de m\u00f3vil.<\/li>\n<\/ul>\n<p>Algunos suben un \u00fanico archivo pdf con todas las p\u00e1ginas del cuaderno, y eso es especialmente c\u00f3modo de corregir. Alg\u00fan padre, me ha preguntado c\u00f3mo hacerlo, con el \u00e1nimo de aliviarnos un poco la tarea de correcci\u00f3n. Espero que este v\u00eddeotutorial os sirva. Para grabarlo, he tenido que usar un ordenador, supongo que en el m\u00f3vil debe ser todo parecido&#8230;<\/p>\n<p>Supongo que habr\u00e1 un mont\u00f3n de aplicaciones para m\u00f3vil similares. Yo he escogido un servicio web gratuito: <a href=\"https:\/\/onlinecamscanner.com\/camscanner-online\/\">https:\/\/onlinecamscanner.com\/camscanner-online\/<\/a><\/p>\n<p><a href=\"https:\/\/drive.google.com\/file\/d\/1ZQDsOith47BKybW-dfQ9pIxhHcWTVhsG\/view?usp=sharing\">Pincha aqu\u00ed para ver el videotutoria<\/a>l<\/p>\n<p>&nbsp;<\/p>\n<div style=\"width: 1886px;\" class=\"wp-video\"><!--[if lt IE 9]><script>document.createElement('video');<\/script><![endif]-->\n<video class=\"wp-video-shortcode\" id=\"video-5747-1\" width=\"1886\" height=\"1008\" preload=\"metadata\" controls=\"controls\"><source type=\"video\/mp4\" src=\"https:\/\/blogsaverroes.juntadeandalucia.es\/iesodiel\/files\/2020\/05\/Mandar-fotos-del-cuaderno.mp4?_=1\" \/><a href=\"https:\/\/blogsaverroes.juntadeandalucia.es\/iesodiel\/files\/2020\/05\/Mandar-fotos-del-cuaderno.mp4\">https:\/\/blogsaverroes.juntadeandalucia.es\/iesodiel\/files\/2020\/05\/Mandar-fotos-del-cuaderno.mp4<\/a><\/video><\/div>\n","protected":false},"excerpt":{"rendered":"<p>Desde que empez\u00f3 esta locura de las clases online, los profesores tenemos que corregir muchos ejercicios y agradecemos cuando se mandan correctamente. Creo hablar por todos mis compa\u00f1eros, si digo que nos conformamos con&#46;&#46;&#46;<\/p>\n","protected":false},"author":6260,"featured_media":5748,"comment_status":"open","ping_status":"open","sticky":false,"template":"","format":"standard","meta":{"ngg_post_thumbnail":0,"footnotes":""},"categories":[1444092],"tags":[],"aioseo_notices":[],"_links":{"self":[{"href":"https:\/\/blogsaverroes.juntadeandalucia.es\/iesodiel\/wp-json\/wp\/v2\/posts\/5747"}],"collection":[{"href":"https:\/\/blogsaverroes.juntadeandalucia.es\/iesodiel\/wp-json\/wp\/v2\/posts"}],"about":[{"href":"https:\/\/blogsaverroes.juntadeandalucia.es\/iesodiel\/wp-json\/wp\/v2\/types\/post"}],"author":[{"embeddable":true,"href":"https:\/\/blogsaverroes.juntadeandalucia.es\/iesodiel\/wp-json\/wp\/v2\/users\/6260"}],"replies":[{"embeddable":true,"href":"https:\/\/blogsaverroes.juntadeandalucia.es\/iesodiel\/wp-json\/wp\/v2\/comments?post=5747"}],"version-history":[{"count":12,"href":"https:\/\/blogsaverroes.juntadeandalucia.es\/iesodiel\/wp-json\/wp\/v2\/posts\/5747\/revisions"}],"predecessor-version":[{"id":5761,"href":"https:\/\/blogsaverroes.juntadeandalucia.es\/iesodiel\/wp-json\/wp\/v2\/posts\/5747\/revisions\/5761"}],"wp:featuredmedia":[{"embeddable":true,"href":"https:\/\/blogsaverroes.juntadeandalucia.es\/iesodiel\/wp-json\/wp\/v2\/media\/5748"}],"wp:attachment":[{"href":"https:\/\/blogsaverroes.juntadeandalucia.es\/iesodiel\/wp-json\/wp\/v2\/media?parent=5747"}],"wp:term":[{"taxonomy":"category","embeddable":true,"href":"https:\/\/blogsaverroes.juntadeandalucia.es\/iesodiel\/wp-json\/wp\/v2\/categories?post=5747"},{"taxonomy":"post_tag","embeddable":true,"href":"https:\/\/blogsaverroes.juntadeandalucia.es\/iesodiel\/wp-json\/wp\/v2\/tags?post=5747"}],"curies":[{"name":"wp","href":"https:\/\/api.w.org\/{rel}","templated":true}]}}