{"id":5978,"date":"2020-07-21T12:41:26","date_gmt":"2020-07-21T10:41:26","guid":{"rendered":"https:\/\/blogsaverroes.juntadeandalucia.es\/iesodiel\/?p=5978"},"modified":"2020-09-09T19:14:03","modified_gmt":"2020-09-09T17:14:03","slug":"libros-de-texto-para-1o-y-3o-eso-cheque-libro","status":"publish","type":"post","link":"https:\/\/blogsaverroes.juntadeandalucia.es\/iesodiel\/2020\/07\/21\/libros-de-texto-para-1o-y-3o-eso-cheque-libro\/","title":{"rendered":"Libros de texto para 1\u00ba y 3\u00ba ESO. Cheque libro."},"content":{"rendered":"<p>Debido a la adici\u00f3n del libro de Religi\u00f3n, aqu\u00ed figura el listado definitivo de los libros de texto para 1\u00ba y 3\u00ba de ESO. Los libros se pueden encargar en las librer\u00edas, los Cheques-libro se entregar\u00e1n a las familias en el mes de septiembre, una vez que finalice la matr\u00edcula extraordinaria, por v\u00eda iPasen a trav\u00e9s del \u00abPunto de Recogida.<\/p>\n<div><a href=\"https:\/\/blogsaverroes.juntadeandalucia.es\/iesodiel\/files\/2020\/07\/LIBROS-DE-TEXTO-1\u00ba-ESO_20200721.pdf\" target=\"_blank\" rel=\"noopener noreferrer\">Libros de texto para 1\u00ba ESO<\/a><\/div>\n<div><a href=\"https:\/\/blogsaverroes.juntadeandalucia.es\/iesodiel\/files\/2020\/07\/LIBROS-DE-TEXTO-3\u00ba-ESO_20200721.pdf\" target=\"_blank\" rel=\"noopener noreferrer\">Libros de texto para 3\u00ba ESO<\/a><\/div>\n<p>Antonio Luis Gonz\u00e1lez, director del IES Odiel.<\/p>\n<p>&nbsp;<\/p>\n","protected":false},"excerpt":{"rendered":"<p>Debido a la adici\u00f3n del libro de Religi\u00f3n, aqu\u00ed figura el listado definitivo de los libros de texto para 1\u00ba y 3\u00ba de ESO. Los libros se pueden encargar en las librer\u00edas, los Cheques-libro&#46;&#46;&#46;<\/p>\n","protected":false},"author":6260,"featured_media":5961,"comment_status":"open","ping_status":"open","sticky":false,"template":"","format":"standard","meta":{"ngg_post_thumbnail":0,"footnotes":""},"categories":[1443527],"tags":[],"aioseo_notices":[],"_links":{"self":[{"href":"https:\/\/blogsaverroes.juntadeandalucia.es\/iesodiel\/wp-json\/wp\/v2\/posts\/5978"}],"collection":[{"href":"https:\/\/blogsaverroes.juntadeandalucia.es\/iesodiel\/wp-json\/wp\/v2\/posts"}],"about":[{"href":"https:\/\/blogsaverroes.juntadeandalucia.es\/iesodiel\/wp-json\/wp\/v2\/types\/post"}],"author":[{"embeddable":true,"href":"https:\/\/blogsaverroes.juntadeandalucia.es\/iesodiel\/wp-json\/wp\/v2\/users\/6260"}],"replies":[{"embeddable":true,"href":"https:\/\/blogsaverroes.juntadeandalucia.es\/iesodiel\/wp-json\/wp\/v2\/comments?post=5978"}],"version-history":[{"count":1,"href":"https:\/\/blogsaverroes.juntadeandalucia.es\/iesodiel\/wp-json\/wp\/v2\/posts\/5978\/revisions"}],"predecessor-version":[{"id":5982,"href":"https:\/\/blogsaverroes.juntadeandalucia.es\/iesodiel\/wp-json\/wp\/v2\/posts\/5978\/revisions\/5982"}],"wp:featuredmedia":[{"embeddable":true,"href":"https:\/\/blogsaverroes.juntadeandalucia.es\/iesodiel\/wp-json\/wp\/v2\/media\/5961"}],"wp:attachment":[{"href":"https:\/\/blogsaverroes.juntadeandalucia.es\/iesodiel\/wp-json\/wp\/v2\/media?parent=5978"}],"wp:term":[{"taxonomy":"category","embeddable":true,"href":"https:\/\/blogsaverroes.juntadeandalucia.es\/iesodiel\/wp-json\/wp\/v2\/categories?post=5978"},{"taxonomy":"post_tag","embeddable":true,"href":"https:\/\/blogsaverroes.juntadeandalucia.es\/iesodiel\/wp-json\/wp\/v2\/tags?post=5978"}],"curies":[{"name":"wp","href":"https:\/\/api.w.org\/{rel}","templated":true}]}}