{"id":6025,"date":"2020-09-09T19:12:34","date_gmt":"2020-09-09T17:12:34","guid":{"rendered":"https:\/\/blogsaverroes.juntadeandalucia.es\/iesodiel\/?p=6025"},"modified":"2020-10-02T13:34:21","modified_gmt":"2020-10-02T11:34:21","slug":"instrucciones-para-recoger-el-cheque-libro-para-1o-y-3o-eso","status":"publish","type":"post","link":"https:\/\/blogsaverroes.juntadeandalucia.es\/iesodiel\/2020\/09\/09\/instrucciones-para-recoger-el-cheque-libro-para-1o-y-3o-eso\/","title":{"rendered":"Instrucciones para recoger el cheque libro para 1\u00ba y 3\u00ba ESO"},"content":{"rendered":"<h1 style=\"text-align: center\">RECOGIDA DE LOS CHEQUES-LIBRO<br \/>\nALUMNADO DE 1\u00ba Y 3\u00ba DE ESO<\/h1>\n<h4 style=\"text-align: left\">DE FORMA TELEM\u00c1TICA (no es necesario desplazarse al IES Odiel).<\/h4>\n<ol>\n<li style=\"text-align: left\">Los tutores legales podr\u00e1n recoger de forma telem\u00e1tica los cheques-libro mediante el siguiente procedimiento:<br \/>\nAcceder al Punto de recogida SENECA a trav\u00e9s de la siguiente ruta:<br \/>\n<a href=\"https:\/\/seneca.juntadeandalucia.es\/seneca\/puntoderecogida\/index.html\" target=\"_blank\" rel=\"noopener noreferrer\">https:\/\/seneca.juntadeandalucia.es\/seneca\/puntoderecogida\/index.html<\/a><\/li>\n<li style=\"text-align: left\">Introducir la fecha de nacimiento del alumno o alumna y su clave iANDE.<\/li>\n<li style=\"text-align: left\">Una vez introducidos los datos de acceso, acceder\u00e1 a la pantalla, en la que se listar\u00e1n los documentos disponibles, que podr\u00e1 descargar mediante el bot\u00f3n de descarga.<\/li>\n<\/ol>\n<h4 style=\"text-align: left\">DE FORMA PRESENCIAL (es necesario desplazarse al IES Odiel).<\/h4>\n<p style=\"text-align: left\">En caso de no poder recoger de forma telem\u00e1tica el cheque-libro debe llamar al IES Odiel para que le den una cita con el d\u00eda y la hora en la que puede recoger el cheque libro de manera presencial.<br \/>\nEl tutor\/a legal del alumno o alumna debe presentar el DNI al recoger el cheque-libro.<br \/>\n\u2022 Tel\u00e9fono IES Odiel: 959 52 46 27.<br \/>\n\u2022 Horario para coger citas: de 9:30 a 13:30 horas.<\/p>\n<p style=\"text-align: left\">GRACIAS POR SU ATENCI\u00d3N&nbsp;<\/p>\n<p style=\"text-align: left\">Javier Mar\u00edn, administrativo del IES Odiel<\/p>\n","protected":false},"excerpt":{"rendered":"<p>RECOGIDA DE LOS CHEQUES-LIBRO ALUMNADO DE 1\u00ba Y 3\u00ba DE ESO DE FORMA TELEM\u00c1TICA (no es necesario desplazarse al IES Odiel). Los tutores legales podr\u00e1n recoger de forma telem\u00e1tica los cheques-libro mediante el siguiente&#46;&#46;&#46;<\/p>\n","protected":false},"author":6260,"featured_media":6026,"comment_status":"open","ping_status":"open","sticky":false,"template":"","format":"standard","meta":{"ngg_post_thumbnail":0,"footnotes":""},"categories":[1443527],"tags":[],"aioseo_notices":[],"_links":{"self":[{"href":"https:\/\/blogsaverroes.juntadeandalucia.es\/iesodiel\/wp-json\/wp\/v2\/posts\/6025"}],"collection":[{"href":"https:\/\/blogsaverroes.juntadeandalucia.es\/iesodiel\/wp-json\/wp\/v2\/posts"}],"about":[{"href":"https:\/\/blogsaverroes.juntadeandalucia.es\/iesodiel\/wp-json\/wp\/v2\/types\/post"}],"author":[{"embeddable":true,"href":"https:\/\/blogsaverroes.juntadeandalucia.es\/iesodiel\/wp-json\/wp\/v2\/users\/6260"}],"replies":[{"embeddable":true,"href":"https:\/\/blogsaverroes.juntadeandalucia.es\/iesodiel\/wp-json\/wp\/v2\/comments?post=6025"}],"version-history":[{"count":7,"href":"https:\/\/blogsaverroes.juntadeandalucia.es\/iesodiel\/wp-json\/wp\/v2\/posts\/6025\/revisions"}],"predecessor-version":[{"id":6034,"href":"https:\/\/blogsaverroes.juntadeandalucia.es\/iesodiel\/wp-json\/wp\/v2\/posts\/6025\/revisions\/6034"}],"wp:featuredmedia":[{"embeddable":true,"href":"https:\/\/blogsaverroes.juntadeandalucia.es\/iesodiel\/wp-json\/wp\/v2\/media\/6026"}],"wp:attachment":[{"href":"https:\/\/blogsaverroes.juntadeandalucia.es\/iesodiel\/wp-json\/wp\/v2\/media?parent=6025"}],"wp:term":[{"taxonomy":"category","embeddable":true,"href":"https:\/\/blogsaverroes.juntadeandalucia.es\/iesodiel\/wp-json\/wp\/v2\/categories?post=6025"},{"taxonomy":"post_tag","embeddable":true,"href":"https:\/\/blogsaverroes.juntadeandalucia.es\/iesodiel\/wp-json\/wp\/v2\/tags?post=6025"}],"curies":[{"name":"wp","href":"https:\/\/api.w.org\/{rel}","templated":true}]}}