{"id":6168,"date":"2020-12-18T10:56:14","date_gmt":"2020-12-18T09:56:14","guid":{"rendered":"https:\/\/blogsaverroes.juntadeandalucia.es\/iesodiel\/?p=6168"},"modified":"2020-12-18T10:56:14","modified_gmt":"2020-12-18T09:56:14","slug":"taller-de-cocina-en-el-ciclo-de-apsd","status":"publish","type":"post","link":"https:\/\/blogsaverroes.juntadeandalucia.es\/iesodiel\/2020\/12\/18\/taller-de-cocina-en-el-ciclo-de-apsd\/","title":{"rendered":"Taller de cocina en el ciclo de APSD"},"content":{"rendered":"<p>Alejandra Fern\u00e1ndez nos manda estas fotograf\u00edas del taller de cocina de 1\u00b0 APSD. Las alumnas\/os han hecho bu\u00f1uelos con az\u00facar y canela y otros ba\u00f1ados en chocolate para celebrar la Navidad y final del trimestre.<\/p>\n\n\t\t<style>\n\t\t\t#gallery-1 {\n\t\t\t\tmargin: auto;\n\t\t\t}\n\t\t\t#gallery-1 .gallery-item {\n\t\t\t\tfloat: left;\n\t\t\t\tmargin-top: 10px;\n\t\t\t\ttext-align: center;\n\t\t\t\twidth: 33%;\n\t\t\t}\n\t\t\t#gallery-1 img {\n\t\t\t\tborder: 2px solid #cfcfcf;\n\t\t\t}\n\t\t\t#gallery-1 .gallery-caption {\n\t\t\t\tmargin-left: 0;\n\t\t\t}\n\t\t\t\/* see gallery_shortcode() in wp-includes\/media.php *\/\n\t\t<\/style>\n\t\t<div id='gallery-1' class='gallery galleryid-6168 gallery-columns-3 gallery-size-thumbnail'><dl class='gallery-item'>\n\t\t\t<dt class='gallery-icon portrait'>\n\t\t\t\t<a href='https:\/\/blogsaverroes.juntadeandalucia.es\/iesodiel\/2020\/12\/18\/taller-de-cocina-en-el-ciclo-de-apsd\/img_20201217_131915_350\/'><img loading=\"lazy\" decoding=\"async\" width=\"150\" height=\"150\" src=\"https:\/\/blogsaverroes.juntadeandalucia.es\/iesodiel\/files\/2020\/12\/IMG_20201217_131915_350-150x150.jpg\" class=\"attachment-thumbnail size-thumbnail\" alt=\"\" srcset=\"https:\/\/blogsaverroes.juntadeandalucia.es\/iesodiel\/files\/2020\/12\/IMG_20201217_131915_350-150x150.jpg 150w, https:\/\/blogsaverroes.juntadeandalucia.es\/iesodiel\/files\/2020\/12\/IMG_20201217_131915_350-100x100.jpg 100w, https:\/\/blogsaverroes.juntadeandalucia.es\/iesodiel\/files\/2020\/12\/IMG_20201217_131915_350-80x80.jpg 80w, https:\/\/blogsaverroes.juntadeandalucia.es\/iesodiel\/files\/2020\/12\/IMG_20201217_131915_350-320x320.jpg 320w\" sizes=\"(max-width: 150px) 100vw, 150px\" \/><\/a>\n\t\t\t<\/dt><\/dl><dl class='gallery-item'>\n\t\t\t<dt class='gallery-icon portrait'>\n\t\t\t\t<a href='https:\/\/blogsaverroes.juntadeandalucia.es\/iesodiel\/2020\/12\/18\/taller-de-cocina-en-el-ciclo-de-apsd\/img_20201217_131930_133\/'><img loading=\"lazy\" decoding=\"async\" width=\"150\" height=\"150\" src=\"https:\/\/blogsaverroes.juntadeandalucia.es\/iesodiel\/files\/2020\/12\/IMG_20201217_131930_133-150x150.jpg\" class=\"attachment-thumbnail size-thumbnail\" alt=\"\" srcset=\"https:\/\/blogsaverroes.juntadeandalucia.es\/iesodiel\/files\/2020\/12\/IMG_20201217_131930_133-150x150.jpg 150w, https:\/\/blogsaverroes.juntadeandalucia.es\/iesodiel\/files\/2020\/12\/IMG_20201217_131930_133-100x100.jpg 100w, https:\/\/blogsaverroes.juntadeandalucia.es\/iesodiel\/files\/2020\/12\/IMG_20201217_131930_133-80x80.jpg 80w, https:\/\/blogsaverroes.juntadeandalucia.es\/iesodiel\/files\/2020\/12\/IMG_20201217_131930_133-320x320.jpg 320w\" sizes=\"(max-width: 150px) 100vw, 150px\" \/><\/a>\n\t\t\t<\/dt><\/dl><dl class='gallery-item'>\n\t\t\t<dt class='gallery-icon landscape'>\n\t\t\t\t<a href='https:\/\/blogsaverroes.juntadeandalucia.es\/iesodiel\/2020\/12\/18\/taller-de-cocina-en-el-ciclo-de-apsd\/img_20201217_170552\/'><img loading=\"lazy\" decoding=\"async\" width=\"150\" height=\"150\" src=\"https:\/\/blogsaverroes.juntadeandalucia.es\/iesodiel\/files\/2020\/12\/IMG_20201217_170552-150x150.jpg\" class=\"attachment-thumbnail size-thumbnail\" alt=\"\" srcset=\"https:\/\/blogsaverroes.juntadeandalucia.es\/iesodiel\/files\/2020\/12\/IMG_20201217_170552-150x150.jpg 150w, https:\/\/blogsaverroes.juntadeandalucia.es\/iesodiel\/files\/2020\/12\/IMG_20201217_170552-100x100.jpg 100w, https:\/\/blogsaverroes.juntadeandalucia.es\/iesodiel\/files\/2020\/12\/IMG_20201217_170552-80x80.jpg 80w, https:\/\/blogsaverroes.juntadeandalucia.es\/iesodiel\/files\/2020\/12\/IMG_20201217_170552-320x320.jpg 320w\" sizes=\"(max-width: 150px) 100vw, 150px\" \/><\/a>\n\t\t\t<\/dt><\/dl><br style=\"clear: both\" \/><dl class='gallery-item'>\n\t\t\t<dt class='gallery-icon landscape'>\n\t\t\t\t<a href='https:\/\/blogsaverroes.juntadeandalucia.es\/iesodiel\/2020\/12\/18\/taller-de-cocina-en-el-ciclo-de-apsd\/img_20201217_170623\/'><img loading=\"lazy\" decoding=\"async\" width=\"150\" height=\"150\" src=\"https:\/\/blogsaverroes.juntadeandalucia.es\/iesodiel\/files\/2020\/12\/IMG_20201217_170623-150x150.jpg\" class=\"attachment-thumbnail size-thumbnail\" alt=\"\" srcset=\"https:\/\/blogsaverroes.juntadeandalucia.es\/iesodiel\/files\/2020\/12\/IMG_20201217_170623-150x150.jpg 150w, https:\/\/blogsaverroes.juntadeandalucia.es\/iesodiel\/files\/2020\/12\/IMG_20201217_170623-100x100.jpg 100w, https:\/\/blogsaverroes.juntadeandalucia.es\/iesodiel\/files\/2020\/12\/IMG_20201217_170623-80x80.jpg 80w, https:\/\/blogsaverroes.juntadeandalucia.es\/iesodiel\/files\/2020\/12\/IMG_20201217_170623-320x320.jpg 320w\" sizes=\"(max-width: 150px) 100vw, 150px\" \/><\/a>\n\t\t\t<\/dt><\/dl><dl class='gallery-item'>\n\t\t\t<dt class='gallery-icon landscape'>\n\t\t\t\t<a href='https:\/\/blogsaverroes.juntadeandalucia.es\/iesodiel\/2020\/12\/18\/taller-de-cocina-en-el-ciclo-de-apsd\/img_20201217_170720\/'><img loading=\"lazy\" decoding=\"async\" width=\"150\" height=\"150\" src=\"https:\/\/blogsaverroes.juntadeandalucia.es\/iesodiel\/files\/2020\/12\/IMG_20201217_170720-150x150.jpg\" class=\"attachment-thumbnail size-thumbnail\" alt=\"\" srcset=\"https:\/\/blogsaverroes.juntadeandalucia.es\/iesodiel\/files\/2020\/12\/IMG_20201217_170720-150x150.jpg 150w, https:\/\/blogsaverroes.juntadeandalucia.es\/iesodiel\/files\/2020\/12\/IMG_20201217_170720-100x100.jpg 100w, https:\/\/blogsaverroes.juntadeandalucia.es\/iesodiel\/files\/2020\/12\/IMG_20201217_170720-80x80.jpg 80w, https:\/\/blogsaverroes.juntadeandalucia.es\/iesodiel\/files\/2020\/12\/IMG_20201217_170720-320x320.jpg 320w\" sizes=\"(max-width: 150px) 100vw, 150px\" \/><\/a>\n\t\t\t<\/dt><\/dl><dl class='gallery-item'>\n\t\t\t<dt class='gallery-icon landscape'>\n\t\t\t\t<a href='https:\/\/blogsaverroes.juntadeandalucia.es\/iesodiel\/2020\/12\/18\/taller-de-cocina-en-el-ciclo-de-apsd\/img-20201217-wa0003\/'><img loading=\"lazy\" decoding=\"async\" width=\"150\" height=\"150\" src=\"https:\/\/blogsaverroes.juntadeandalucia.es\/iesodiel\/files\/2020\/12\/IMG-20201217-WA0003-150x150.jpg\" class=\"attachment-thumbnail size-thumbnail\" alt=\"\" srcset=\"https:\/\/blogsaverroes.juntadeandalucia.es\/iesodiel\/files\/2020\/12\/IMG-20201217-WA0003-150x150.jpg 150w, https:\/\/blogsaverroes.juntadeandalucia.es\/iesodiel\/files\/2020\/12\/IMG-20201217-WA0003-100x100.jpg 100w, https:\/\/blogsaverroes.juntadeandalucia.es\/iesodiel\/files\/2020\/12\/IMG-20201217-WA0003-80x80.jpg 80w, https:\/\/blogsaverroes.juntadeandalucia.es\/iesodiel\/files\/2020\/12\/IMG-20201217-WA0003-320x320.jpg 320w\" sizes=\"(max-width: 150px) 100vw, 150px\" \/><\/a>\n\t\t\t<\/dt><\/dl><br style=\"clear: both\" \/><dl class='gallery-item'>\n\t\t\t<dt class='gallery-icon landscape'>\n\t\t\t\t<a href='https:\/\/blogsaverroes.juntadeandalucia.es\/iesodiel\/2020\/12\/18\/taller-de-cocina-en-el-ciclo-de-apsd\/img-20201217-wa0004\/'><img loading=\"lazy\" decoding=\"async\" width=\"150\" height=\"150\" src=\"https:\/\/blogsaverroes.juntadeandalucia.es\/iesodiel\/files\/2020\/12\/IMG-20201217-WA0004-150x150.jpg\" class=\"attachment-thumbnail size-thumbnail\" alt=\"\" srcset=\"https:\/\/blogsaverroes.juntadeandalucia.es\/iesodiel\/files\/2020\/12\/IMG-20201217-WA0004-150x150.jpg 150w, https:\/\/blogsaverroes.juntadeandalucia.es\/iesodiel\/files\/2020\/12\/IMG-20201217-WA0004-100x100.jpg 100w, https:\/\/blogsaverroes.juntadeandalucia.es\/iesodiel\/files\/2020\/12\/IMG-20201217-WA0004-80x80.jpg 80w, https:\/\/blogsaverroes.juntadeandalucia.es\/iesodiel\/files\/2020\/12\/IMG-20201217-WA0004-320x320.jpg 320w\" sizes=\"(max-width: 150px) 100vw, 150px\" \/><\/a>\n\t\t\t<\/dt><\/dl><dl class='gallery-item'>\n\t\t\t<dt class='gallery-icon landscape'>\n\t\t\t\t<a href='https:\/\/blogsaverroes.juntadeandalucia.es\/iesodiel\/2020\/12\/18\/taller-de-cocina-en-el-ciclo-de-apsd\/img-20201217-wa0011\/'><img loading=\"lazy\" decoding=\"async\" width=\"150\" height=\"150\" src=\"https:\/\/blogsaverroes.juntadeandalucia.es\/iesodiel\/files\/2020\/12\/IMG-20201217-WA0011-150x150.jpg\" class=\"attachment-thumbnail size-thumbnail\" alt=\"\" srcset=\"https:\/\/blogsaverroes.juntadeandalucia.es\/iesodiel\/files\/2020\/12\/IMG-20201217-WA0011-150x150.jpg 150w, https:\/\/blogsaverroes.juntadeandalucia.es\/iesodiel\/files\/2020\/12\/IMG-20201217-WA0011-100x100.jpg 100w, https:\/\/blogsaverroes.juntadeandalucia.es\/iesodiel\/files\/2020\/12\/IMG-20201217-WA0011-80x80.jpg 80w, https:\/\/blogsaverroes.juntadeandalucia.es\/iesodiel\/files\/2020\/12\/IMG-20201217-WA0011-320x320.jpg 320w\" sizes=\"(max-width: 150px) 100vw, 150px\" \/><\/a>\n\t\t\t<\/dt><\/dl>\n\t\t\t<br style='clear: both' \/>\n\t\t<\/div>\n\n","protected":false},"excerpt":{"rendered":"<p>Alejandra Fern\u00e1ndez nos manda estas fotograf\u00edas del taller de cocina de 1\u00b0 APSD. Las alumnas\/os han hecho bu\u00f1uelos con az\u00facar y canela y otros ba\u00f1ados en chocolate para celebrar la Navidad y final del&#46;&#46;&#46;<\/p>\n","protected":false},"author":6260,"featured_media":6173,"comment_status":"open","ping_status":"open","sticky":false,"template":"","format":"standard","meta":{"ngg_post_thumbnail":0,"footnotes":""},"categories":[1444090],"tags":[],"aioseo_notices":[],"_links":{"self":[{"href":"https:\/\/blogsaverroes.juntadeandalucia.es\/iesodiel\/wp-json\/wp\/v2\/posts\/6168"}],"collection":[{"href":"https:\/\/blogsaverroes.juntadeandalucia.es\/iesodiel\/wp-json\/wp\/v2\/posts"}],"about":[{"href":"https:\/\/blogsaverroes.juntadeandalucia.es\/iesodiel\/wp-json\/wp\/v2\/types\/post"}],"author":[{"embeddable":true,"href":"https:\/\/blogsaverroes.juntadeandalucia.es\/iesodiel\/wp-json\/wp\/v2\/users\/6260"}],"replies":[{"embeddable":true,"href":"https:\/\/blogsaverroes.juntadeandalucia.es\/iesodiel\/wp-json\/wp\/v2\/comments?post=6168"}],"version-history":[{"count":1,"href":"https:\/\/blogsaverroes.juntadeandalucia.es\/iesodiel\/wp-json\/wp\/v2\/posts\/6168\/revisions"}],"predecessor-version":[{"id":6177,"href":"https:\/\/blogsaverroes.juntadeandalucia.es\/iesodiel\/wp-json\/wp\/v2\/posts\/6168\/revisions\/6177"}],"wp:featuredmedia":[{"embeddable":true,"href":"https:\/\/blogsaverroes.juntadeandalucia.es\/iesodiel\/wp-json\/wp\/v2\/media\/6173"}],"wp:attachment":[{"href":"https:\/\/blogsaverroes.juntadeandalucia.es\/iesodiel\/wp-json\/wp\/v2\/media?parent=6168"}],"wp:term":[{"taxonomy":"category","embeddable":true,"href":"https:\/\/blogsaverroes.juntadeandalucia.es\/iesodiel\/wp-json\/wp\/v2\/categories?post=6168"},{"taxonomy":"post_tag","embeddable":true,"href":"https:\/\/blogsaverroes.juntadeandalucia.es\/iesodiel\/wp-json\/wp\/v2\/tags?post=6168"}],"curies":[{"name":"wp","href":"https:\/\/api.w.org\/{rel}","templated":true}]}}