{"id":6287,"date":"2021-02-17T20:20:54","date_gmt":"2021-02-17T19:20:54","guid":{"rendered":"https:\/\/blogsaverroes.juntadeandalucia.es\/iesodiel\/?p=6287"},"modified":"2021-02-18T20:37:47","modified_gmt":"2021-02-18T19:37:47","slug":"6287","status":"publish","type":"post","link":"https:\/\/blogsaverroes.juntadeandalucia.es\/iesodiel\/2021\/02\/17\/6287\/","title":{"rendered":"Talleres en el CFGM en APSD"},"content":{"rendered":"<p>Alejandra Fern\u00e1ndez, profesora del CFGM Atenci\u00f3n a Personas en Situaci\u00f3n de Dependencia, nos hace llegar estas im\u00e1genes de los talleres que desarrolla el alumnado de este ciclo formativo.<\/p>\n<p>Taller de entrenamiento de las capacidades cognitivas realizado por el alumnado de 1\u00b0 APSD en el m\u00f3dulo \u00abAtenci\u00f3n y apoyo psicosocial\u00bb<\/p>\n<p>ngg_shortcode_0_placeholderTaller de estimulaci\u00f3n sensorial con mesa de luz realizado por el alumnado de 1\u00b0 APSD en el m\u00f3dulo \u00abAtenci\u00f3n y apoyo psicosocial\u00bb:<\/p>\n<p>ngg_shortcode_1_placeholderPor otra parte, Mercedes Aguilar nos env\u00eda estas im\u00e1genes tomadas durante el taller de vendajes:<\/p>\nngg_shortcode_2_placeholder\n","protected":false},"excerpt":{"rendered":"<p>Alejandra Fern\u00e1ndez, profesora del CFGM Atenci\u00f3n a Personas en Situaci\u00f3n de Dependencia, nos hace llegar estas im\u00e1genes de los talleres que desarrolla el alumnado de este ciclo formativo. Taller de entrenamiento de las capacidades&#46;&#46;&#46;<\/p>\n","protected":false},"author":6260,"featured_media":6285,"comment_status":"open","ping_status":"open","sticky":false,"template":"","format":"standard","meta":{"ngg_post_thumbnail":0,"footnotes":""},"categories":[1444090],"tags":[],"aioseo_notices":[],"_links":{"self":[{"href":"https:\/\/blogsaverroes.juntadeandalucia.es\/iesodiel\/wp-json\/wp\/v2\/posts\/6287"}],"collection":[{"href":"https:\/\/blogsaverroes.juntadeandalucia.es\/iesodiel\/wp-json\/wp\/v2\/posts"}],"about":[{"href":"https:\/\/blogsaverroes.juntadeandalucia.es\/iesodiel\/wp-json\/wp\/v2\/types\/post"}],"author":[{"embeddable":true,"href":"https:\/\/blogsaverroes.juntadeandalucia.es\/iesodiel\/wp-json\/wp\/v2\/users\/6260"}],"replies":[{"embeddable":true,"href":"https:\/\/blogsaverroes.juntadeandalucia.es\/iesodiel\/wp-json\/wp\/v2\/comments?post=6287"}],"version-history":[{"count":4,"href":"https:\/\/blogsaverroes.juntadeandalucia.es\/iesodiel\/wp-json\/wp\/v2\/posts\/6287\/revisions"}],"predecessor-version":[{"id":6352,"href":"https:\/\/blogsaverroes.juntadeandalucia.es\/iesodiel\/wp-json\/wp\/v2\/posts\/6287\/revisions\/6352"}],"wp:featuredmedia":[{"embeddable":true,"href":"https:\/\/blogsaverroes.juntadeandalucia.es\/iesodiel\/wp-json\/wp\/v2\/media\/6285"}],"wp:attachment":[{"href":"https:\/\/blogsaverroes.juntadeandalucia.es\/iesodiel\/wp-json\/wp\/v2\/media?parent=6287"}],"wp:term":[{"taxonomy":"category","embeddable":true,"href":"https:\/\/blogsaverroes.juntadeandalucia.es\/iesodiel\/wp-json\/wp\/v2\/categories?post=6287"},{"taxonomy":"post_tag","embeddable":true,"href":"https:\/\/blogsaverroes.juntadeandalucia.es\/iesodiel\/wp-json\/wp\/v2\/tags?post=6287"}],"curies":[{"name":"wp","href":"https:\/\/api.w.org\/{rel}","templated":true}]}}