{"id":6361,"date":"2021-02-22T08:30:46","date_gmt":"2021-02-22T07:30:46","guid":{"rendered":"https:\/\/blogsaverroes.juntadeandalucia.es\/iesodiel\/?p=6361"},"modified":"2021-02-21T23:40:20","modified_gmt":"2021-02-21T22:40:20","slug":"buscamos-nombre-para-la-nueva-revista-del-ies-odiel","status":"publish","type":"post","link":"https:\/\/blogsaverroes.juntadeandalucia.es\/iesodiel\/2021\/02\/22\/buscamos-nombre-para-la-nueva-revista-del-ies-odiel\/","title":{"rendered":"Buscamos nombre para la nueva revista del IES Odiel"},"content":{"rendered":"<p>Desde el centro vamos a retomar nuestro proyecto de revista escolar. Llevamos d\u00edas d\u00e1ndole vueltas al tema del nombre. Igual podr\u00edas ayudarnos. Si tienes alguna idea, tan s\u00f3lo tienes que entrar en este <em><a href=\"https:\/\/forms.gle\/N4akP4YAgLpLgeA9A\" target=\"_blank\" rel=\"noopener noreferrer\">link<\/a><\/em> y escribir un nombre. Gracias de antemano.<\/p>\n<p>Julia Lozano, Orientadora del IES Odiel<\/p>\n","protected":false},"excerpt":{"rendered":"<p>Desde el centro vamos a retomar nuestro proyecto de revista escolar. Llevamos d\u00edas d\u00e1ndole vueltas al tema del nombre. Igual podr\u00edas ayudarnos. Si tienes alguna idea, tan s\u00f3lo tienes que entrar en este link&#46;&#46;&#46;<\/p>\n","protected":false},"author":6260,"featured_media":6362,"comment_status":"open","ping_status":"open","sticky":false,"template":"","format":"standard","meta":{"ngg_post_thumbnail":0,"footnotes":""},"categories":[1444101],"tags":[],"aioseo_notices":[],"_links":{"self":[{"href":"https:\/\/blogsaverroes.juntadeandalucia.es\/iesodiel\/wp-json\/wp\/v2\/posts\/6361"}],"collection":[{"href":"https:\/\/blogsaverroes.juntadeandalucia.es\/iesodiel\/wp-json\/wp\/v2\/posts"}],"about":[{"href":"https:\/\/blogsaverroes.juntadeandalucia.es\/iesodiel\/wp-json\/wp\/v2\/types\/post"}],"author":[{"embeddable":true,"href":"https:\/\/blogsaverroes.juntadeandalucia.es\/iesodiel\/wp-json\/wp\/v2\/users\/6260"}],"replies":[{"embeddable":true,"href":"https:\/\/blogsaverroes.juntadeandalucia.es\/iesodiel\/wp-json\/wp\/v2\/comments?post=6361"}],"version-history":[{"count":1,"href":"https:\/\/blogsaverroes.juntadeandalucia.es\/iesodiel\/wp-json\/wp\/v2\/posts\/6361\/revisions"}],"predecessor-version":[{"id":6363,"href":"https:\/\/blogsaverroes.juntadeandalucia.es\/iesodiel\/wp-json\/wp\/v2\/posts\/6361\/revisions\/6363"}],"wp:featuredmedia":[{"embeddable":true,"href":"https:\/\/blogsaverroes.juntadeandalucia.es\/iesodiel\/wp-json\/wp\/v2\/media\/6362"}],"wp:attachment":[{"href":"https:\/\/blogsaverroes.juntadeandalucia.es\/iesodiel\/wp-json\/wp\/v2\/media?parent=6361"}],"wp:term":[{"taxonomy":"category","embeddable":true,"href":"https:\/\/blogsaverroes.juntadeandalucia.es\/iesodiel\/wp-json\/wp\/v2\/categories?post=6361"},{"taxonomy":"post_tag","embeddable":true,"href":"https:\/\/blogsaverroes.juntadeandalucia.es\/iesodiel\/wp-json\/wp\/v2\/tags?post=6361"}],"curies":[{"name":"wp","href":"https:\/\/api.w.org\/{rel}","templated":true}]}}