{"id":6980,"date":"2021-06-16T18:56:49","date_gmt":"2021-06-16T16:56:49","guid":{"rendered":"https:\/\/blogsaverroes.juntadeandalucia.es\/iesodiel\/?p=6980"},"modified":"2021-10-14T21:57:30","modified_gmt":"2021-10-14T19:57:30","slug":"escolarizacion-formacion-profesional-2021-22","status":"publish","type":"post","link":"https:\/\/blogsaverroes.juntadeandalucia.es\/iesodiel\/2021\/06\/16\/escolarizacion-formacion-profesional-2021-22\/","title":{"rendered":"Escolarizaci\u00f3n Formaci\u00f3n Profesional 2021-22 (Actualizado 14 septiembre)"},"content":{"rendered":"<p>El 15 de junio comienza el proceso de admisi\u00f3n de la Formaci\u00f3n Profesional en varias modalidades.<\/p>\n<p>La Consejer\u00eda de Educaci\u00f3n y Deporte en su Web ha publicado las ofertas con los requisitos de acceso y los calendarios de cada una de las modalidades de Formaci\u00f3n Profesional en los siguientes enlaces:<\/p>\n<p>PARA ACCEDER PULSE CADA ENLACE<\/p>\n<p><a href=\"https:\/\/www.juntadeandalucia.es\/educacion\/portals\/web\/formacion-profesional-andaluza\" target=\"_blank\" rel=\"noopener noreferrer\"><strong>PORTAL DE FORMACI\u00d3N PROFESIONAL ANDALUZA<\/strong><\/a><\/p>\n<p><a href=\"https:\/\/www.juntadeandalucia.es\/educacion\/portals\/web\/formacion-profesional-andaluza\/quiero-formarme\/escolarizacion-2021\/oferta\/-\/contenidos\/detalle\/escolarizacion-2021-0-17-1-ocfpb-oferta-completa-de-formacion-profesional-basica\" target=\"_blank\" rel=\"noopener noreferrer\"><strong>OFERTA COMPLETA DE FORMACI\u00d3N PROFESIONAL B\u00c1SICA 21-22<\/strong><\/a><\/p>\n<p><a href=\"https:\/\/www.juntadeandalucia.es\/educacion\/portals\/web\/formacion-profesional-andaluza\/quiero-formarme\/escolarizacion-2021\/-\/contenidos\/detalle\/escolarizacion-2021-0-17-1-2-proc-ocfpb-procedimiento-de-admision-para-la-formacion-profesional-basica\" target=\"_blank\" rel=\"noopener noreferrer\">Procedimiento de admisi\u00f3n para la Formaci\u00f3n Profesional B\u00e1sica<\/a><\/p>\n<p><a href=\"https:\/\/www.juntadeandalucia.es\/educacion\/portals\/web\/formacion-profesional-andaluza\/quiero-formarme\/escolarizacion-2021\/-\/contenidos\/detalle\/escolarizacion-2021-0-17-1-1-req-ocfpb-requisitos-y-cupo-de-acceso-para-la-formacion-profesional-basica\" target=\"_blank\" rel=\"noopener noreferrer\">Requisitos de acceso para la Formaci\u00f3n Profesional B\u00e1sica<\/a><\/p>\n<p><a href=\"https:\/\/www.juntadeandalucia.es\/educacion\/portals\/delegate\/content\/9a77e8e6-cda7-48ad-80b2-91e1a05c7951\/Calendario%20de%20Escolarizaci%C3%B3n%20de%20la%20Oferta%20Completa%20Presencial%20Formaci%C3%B3n%20Profesional%20B%C3%A1sica%20Curso%202021-2022\" target=\"_blank\" rel=\"noopener noreferrer\">Calendario de Escolarizaci\u00f3n de la Oferta Completa Presencial Formaci\u00f3n Profesional B\u00e1sica<\/a><\/p>\n<p><a href=\"https:\/\/www.juntadeandalucia.es\/educacion\/portals\/web\/formacion-profesional-andaluza\/quiero-formarme\/escolarizacion-2021\/oferta\/-\/contenidos\/detalle\/0-17-1-2-proc-ocfpb-video-curso-presencial-formacion-profesional-basica\" target=\"_blank\" rel=\"noopener noreferrer\">Video sobre el procedimiento de Escolarizaci\u00f3n en Oferta Completa Presencial de Formaci\u00f3n Profesional B\u00e1sica<\/a><\/p>\n<p><u>&nbsp;<\/u><\/p>\n<p><a href=\"https:\/\/www.juntadeandalucia.es\/educacion\/portals\/web\/formacion-profesional-andaluza\/quiero-formarme\/escolarizacion-2021\/oferta\/-\/contenidos\/detalle\/escolarizacion-2021-0-17-3-ocgmgs-oferta-completa-presencial-de-ciclos-formativos-de-grado-medio-y-de-grado-superior-1nii1xzjkpu4y\" target=\"_blank\" rel=\"noopener noreferrer\"><strong>OFERTA COMPLETA PRESENCIAL DE CICLOS DE GRADO MEDIO Y DE GRADO SUPERIOR 21-22<\/strong><\/a><\/p>\n<p><a href=\"https:\/\/www.juntadeandalucia.es\/educacion\/portals\/web\/formacion-profesional-andaluza\/quiero-formarme\/escolarizacion-2021\/-\/contenidos\/detalle\/escolarizacion-2021-0-17-3-3-proc-ocgmgs-procedimiento-de-admision-para-los-ciclos-formativos-de-grado-medio-y-de-grado\" target=\"_blank\" rel=\"noopener noreferrer\">Procedimiento de admisi\u00f3n para los Ciclos de Grado Medio y de Grado Superior<\/a><\/p>\n<p><a href=\"https:\/\/www.juntadeandalucia.es\/educacion\/portals\/web\/formacion-profesional-andaluza\/quiero-formarme\/escolarizacion-2021\/-\/contenidos\/detalle\/escolarizacion-2021-0-17-3-1-req-ocgm-requisitos-y-cupo-de-acceso-para-los-ciclos-formativos-de-grado-medio\" target=\"_blank\" rel=\"noopener noreferrer\">Requisitos y cupos de acceso para los Ciclos Formativos de Grado Medio<\/a><\/p>\n<p><a href=\"https:\/\/www.juntadeandalucia.es\/educacion\/portals\/delegate\/content\/e89524d5-8937-48f9-bf55-68a9067af14e\/Calendario%20de%20Escolarizaci%C3%B3n%20de%20la%20Oferta%20Completa%20Presencial%20Ciclos%20formativos%20de%20grado%20medio%20y%20superior%20Curso%202021-2022\" target=\"_blank\" rel=\"noopener noreferrer\">Calendario de Escolarizaci\u00f3n de la Oferta Completa Presencial Ciclos Formativos de Grado Medio y Superior<\/a><\/p>\n<p><a href=\"https:\/\/www.juntadeandalucia.es\/educacion\/portals\/web\/formacion-profesional-andaluza\/quiero-formarme\/escolarizacion-2021\/oferta\/-\/contenidos\/detalle\/escolarizacion-2021-0-17-3-3-video\" target=\"_blank\" rel=\"noopener noreferrer\">Video explicativo sobre el procedimiento de Escolarizaci\u00f3n en Oferta Completa Presencial de 1\u00ba de Ciclos Formativos de Grado Medio y Superior<\/a><\/p>\n<p><strong><u>&nbsp;<\/u><\/strong><\/p>\n<p><a href=\"https:\/\/www.juntadeandalucia.es\/educacion\/portals\/web\/formacion-profesional-andaluza\/quiero-formarme\/escolarizacion-2021\/oferta\/-\/contenidos\/detalle\/escolarizacion-2021-0-17-4-oc2gs-oferta-completa-presencial-de-segundo-curso-de-los-ciclos-formativos-de-grado-medio-y\" target=\"_blank\" rel=\"noopener noreferrer\"><strong>OFERTA COMPLETA PRESENCIAL DE 2\u00ba CURSO DE LOS CICLOS FORMATIVOS DE GRADO MEDIO Y GRADO SUPERIOR<\/strong><\/a><\/p>\n<p><a href=\"https:\/\/www.juntadeandalucia.es\/educacion\/portals\/web\/formacion-profesional-andaluza\/quiero-formarme\/escolarizacion-2021\/-\/contenidos\/detalle\/escolarizacion-2021-0-17-4-2-proc-oc2gs-procedimiento-de-admision-para-segundo-curso-de-los-ciclos-formativos-de-grado\" target=\"_blank\" rel=\"noopener noreferrer\">Procedimiento de admisi\u00f3n para 2\u00ba Curso de los Ciclos Formativos de Grado Medio y de Grado Superior<\/a><\/p>\n<p><a href=\"https:\/\/www.juntadeandalucia.es\/educacion\/portals\/web\/formacion-profesional-andaluza\/quiero-formarme\/escolarizacion-2021\/-\/contenidos\/detalle\/escolarizacion-2021-0-17-4-1-req-oc2gs-requisitos-de-la-oferta-de-segundo-curso-de-los-ciclos-formativos-de-grado-medio\" target=\"_blank\" rel=\"noopener noreferrer\">Requisitos de la oferta de 2\u00ba Curso de los Ciclos Formativos de Grado Medio y de Grado Superior<\/a><\/p>\n<p><a href=\"https:\/\/www.juntadeandalucia.es\/educacion\/portals\/delegate\/content\/8db596f2-053d-47d8-9bf0-64b5f44c497b\/Calendario%20de%20Escolarizaci%C3%B3n%20de%20la%20Oferta%20Completa%20Presencial%202%C2%BA%20de%20ciclos%20formativos%20de%20grado%20medio%20y%20superior%20Curso%202021-2022\" target=\"_blank\" rel=\"noopener noreferrer\">Calendario de Escolarizaci\u00f3n de la Oferta Completa Presencial 2\u00ba Curso de Ciclos Formativos de Grado Medio y de Grado Superior<\/a><\/p>\n<p>&nbsp;<\/p>\n<p><strong><u>PLAZO DE PRESENTACI\u00d3N DE SOLICITUDES DE ADMISI\u00d3N<\/u><\/strong><\/p>\n<p><strong><u>Formaci\u00f3n Profesional B\u00e1sica<\/u><\/strong><strong>:<\/strong><\/p>\n<p>Desde el 15 de junio hasta el 30 de junio.<\/p>\n<p><strong><u>1er Curso de Ciclos Formativos de Grado Medio y de Grado Superior<\/u><\/strong><strong>:<\/strong><\/p>\n<p>Desde el 15 de junio hasta el 30 de junio.<\/p>\n<p><strong><u>2\u00ba Curso de Ciclos Formativos de Grado Medio y de Grado Superior<\/u><\/strong><strong>:<\/strong><\/p>\n<p>Desde el 25 de junio hasta el 30 de junio.<\/p>\n<p><strong><u>Nota<\/u><\/strong><strong>:<\/strong> Los enlaces y la informaci\u00f3n contenida en esta p\u00e1gina tienen car\u00e1cter meramente informativo.<\/p>\n<p>Documentaci\u00f3n anexa:<\/p>\n<p><a href=\"https:\/\/blogsaverroes.juntadeandalucia.es\/iesodiel\/files\/2021\/06\/01.-Enlaces-para-la-escolarizaci\u00f3n-en-la-Formaci\u00f3n-Profesional-21-22.pdf\" target=\"_blank\" rel=\"noopener noreferrer\">01.- Enlaces para la escolarizaci\u00f3n en la Formaci\u00f3n Profesional 21-22<\/a><\/p>\n<p><a href=\"https:\/\/blogsaverroes.juntadeandalucia.es\/iesodiel\/files\/2021\/06\/02.-Calendario-de-Escolarizaci\u00f3n-Oferta-Completa-Presencial-Formaci\u00f3n-Profesional-B\u00e1sica.pdf\" target=\"_blank\" rel=\"noopener noreferrer\">02.- Calendario de Escolarizaci\u00f3n Oferta Completa Presencial Formaci\u00f3n Profesional B\u00e1sica<\/a><\/p>\n<p><a href=\"https:\/\/blogsaverroes.juntadeandalucia.es\/iesodiel\/files\/2021\/06\/03.-Calendario-de-Escolarizaci\u00f3n-Oferta-Completa-Presencial-Ciclos-de-Grado-Medio.pdf\" target=\"_blank\" rel=\"noopener noreferrer\">03.- Calendario de Escolarizaci\u00f3n Oferta Completa Presencial Ciclos de Grado Medio<\/a><\/p>\n<p><a href=\"https:\/\/blogsaverroes.juntadeandalucia.es\/iesodiel\/files\/2021\/06\/04.-Calendario-de-Escolarizaci\u00f3n-Oferta-Completa-Presencial-2\u00ba-Curso-Ciclos-de-Grado-Medio.pdf\" target=\"_blank\" rel=\"noopener noreferrer\">04.- Calendario de Escolarizaci\u00f3n Oferta Completa Presencial 2\u00ba Curso Ciclos de Grado Medio<\/a><\/p>\n<h2>Actualizaci\u00f3n 7 de julio de 2021<\/h2>\n<p><a href=\"https:\/\/blogsaverroes.juntadeandalucia.es\/iesodiel\/files\/2021\/07\/05.-Oferta-Educativa-Formacion-Profesional-Basica.pdf\" target=\"_blank\" rel=\"noopener noreferrer\">05.- Oferta Educativa Formaci\u00f3n Profesional B\u00e1sica<\/a><\/p>\n<p><a href=\"https:\/\/blogsaverroes.juntadeandalucia.es\/iesodiel\/files\/2021\/07\/06.-Oferta-Educativa-Ciclos-Formativos-de-Grado-Medio.pdf\" target=\"_blank\" rel=\"noopener noreferrer\">06.- Oferta Educativa Ciclos Formativos de Grado Medio<\/a><\/p>\n<p><a href=\"https:\/\/blogsaverroes.juntadeandalucia.es\/iesodiel\/files\/2021\/07\/07.-Relaci\u00f3n-provisional-solicitantes-FP-ordinaria.pdf\" target=\"_blank\" rel=\"noopener noreferrer\">07.- Relaci\u00f3n provisional solicitantes FP ordinaria<\/a><\/p>\n<p><a href=\"https:\/\/blogsaverroes.juntadeandalucia.es\/iesodiel\/files\/2021\/07\/08.-Relaci\u00f3n-provisional-solicitantes-FPB.pdf\" target=\"_blank\" rel=\"noopener noreferrer\">08.- Relaci\u00f3n provisional solicitantes FPB<\/a><\/p>\n<h2>Actualizaci\u00f3n 13 de julio de 2021<\/h2>\n<div id=\"media-item-o_1fafqqopp2sg1bg5tr61se711hpd\" class=\"media-item child-of-0\">\n<div class=\"filename new\"><a href=\"https:\/\/blogsaverroes.juntadeandalucia.es\/iesodiel\/files\/2021\/07\/09.-Relacion-definitiva-solicitudes-FPB.pdf\" target=\"_blank\" rel=\"noopener noreferrer\"><span class=\"title\">09.- Relaci\u00f3n definitiva solicitudes FPB<\/span><\/a><\/div>\n<\/div>\n<div id=\"media-item-o_1fafqqopp13md17s11j8q1ifr1hioe\" class=\"media-item child-of-0\">\n<div class=\"filename new\"><a href=\"https:\/\/blogsaverroes.juntadeandalucia.es\/iesodiel\/files\/2021\/07\/10.-1\u00aa-Adjudicaci\u00f3n-FPB.pdf\" target=\"_blank\" rel=\"noopener noreferrer\"><span class=\"title\">10.- 1\u00aa Adjudicaci\u00f3n FPB<\/span><\/a><\/div>\n<div><a href=\"https:\/\/blogsaverroes.juntadeandalucia.es\/iesodiel\/files\/2021\/07\/11.-Relaci\u00f3n-provisional-solicitantes-2\u00ba-Grado-Medio.pdf\" target=\"_blank\" rel=\"noopener noreferrer\"><span class=\"title\">11.- Relaci\u00f3n provisional solicitantes 2\u00ba Grado Medio<\/span><\/a><\/div>\n<\/div>\n<div id=\"media-item-o_1fafqqopp269lv51q2utqqovlf\" class=\"media-item child-of-0\">\n<div class=\"filename new\"><a href=\"https:\/\/blogsaverroes.juntadeandalucia.es\/iesodiel\/files\/2021\/07\/12.-Relaci\u00f3n-definitiva-solicitantes-Ciclos-Formativos-Grado-Medio-FP-Ordinaria.pdf\" target=\"_blank\" rel=\"noopener noreferrer\"><span class=\"title\">12.- Relaci\u00f3n definitiva solicitantes Ciclos Formativos Grado Medio &#8211; FP Ordinaria<\/span><\/a><\/div>\n<\/div>\n<div id=\"media-item-o_1fafqqopp1ct1hq62c01tis18hjg\" class=\"media-item child-of-0\">\n<div class=\"filename new\"><a href=\"https:\/\/blogsaverroes.juntadeandalucia.es\/iesodiel\/files\/2021\/07\/13.-Primera-Adjudicaci\u00f3n-acceso-a-Ciclos-Formativos-Grado-Medio-FP-Ordinaria.pdf\" target=\"_blank\" rel=\"noopener noreferrer\"><span class=\"title\">13.- Primera Adjudicaci\u00f3n acceso a Ciclos Formativos Grado Medio &#8211; FP Ordinaria<\/span><\/a><\/div>\n<\/div>\n<div>\n<h2>Actualizaci\u00f3n 19 de julio de 2021<\/h2>\n<p><a href=\"https:\/\/blogsaverroes.juntadeandalucia.es\/iesodiel\/files\/2021\/07\/14.-Adjudicaci\u00f3n-\u00fanica-2-CFGM-2021-22.pdf\" target=\"_blank\" rel=\"noopener noreferrer\">14.- Adjudicaci\u00f3n \u00fanica 2 CFGM 2021-22<\/a><\/p>\n<p><a href=\"https:\/\/blogsaverroes.juntadeandalucia.es\/iesodiel\/files\/2021\/07\/15.-Resultados-de-la-Segunda-Adjudicaci\u00f3n-de-Formaci\u00f3n-Profesional-B\u00e1sica.pdf\" target=\"_blank\" rel=\"noopener noreferrer\">15.- Resultados de la Segunda Adjudicaci\u00f3n de Formaci\u00f3n Profesional B\u00e1sica<\/a><\/p>\n<\/div>\n<h2>Actualizaci\u00f3n 24 de julio de 2021<\/h2>\n<p><a href=\"https:\/\/blogsaverroes.juntadeandalucia.es\/iesodiel\/files\/2021\/07\/16.-Segunda-Adjudicaci\u00f3n-acceso-a-Ciclos-Formativos-Grado-Medio-FP-Ordinaria.pdf\" target=\"_blank\" rel=\"noopener noreferrer\">16.- Segunda Adjudicaci\u00f3n acceso a Ciclos Formativos Grado Medio &#8211; FP Ordinaria<\/a><\/p>\n<h2>Actualizaci\u00f3n 7 de septiembre de 2021<\/h2>\n<p><a href=\"https:\/\/blogsaverroes.juntadeandalucia.es\/iesodiel\/files\/2021\/09\/17.-Relaci\u00f3n-provisional-solicitantes-Ext.pdf\" target=\"_blank\" rel=\"noopener noreferrer\">17.- Relaci\u00f3n provisional solicitantes &#8211; Ext<\/a><\/p>\n<h2>Actualizaci\u00f3n 10 de septiembre de 2021<\/h2>\n<p><a href=\"https:\/\/blogsaverroes.juntadeandalucia.es\/iesodiel\/files\/2021\/09\/18.-Relaci\u00f3n-definitiva-solicitantes-Ext.pdf\" target=\"_blank\" rel=\"noopener noreferrer\">18.- Relaci\u00f3n definitiva solicitantes &#8211; Ext<\/a><\/p>\n<h2>Actualizaci\u00f3n 14 de septiembre de 2021<\/h2>\n<p><a href=\"https:\/\/blogsaverroes.juntadeandalucia.es\/iesodiel\/files\/2021\/09\/19.-Adjudicaci\u00f3n-\u00fanica-CFGM.-Procedimiento-Extraordinario.pdf\" target=\"_blank\" rel=\"noopener noreferrer\">19.- Adjudicaci\u00f3n \u00fanica CFGM. Procedimiento Extraordinario<\/a><\/p>\n<p>Gracias una vez m\u00e1s a nuestros administrativos Javier y Teresa<\/p>\n","protected":false},"excerpt":{"rendered":"<p>El 15 de junio comienza el proceso de admisi\u00f3n de la Formaci\u00f3n Profesional en varias modalidades. La Consejer\u00eda de Educaci\u00f3n y Deporte en su Web ha publicado las ofertas con los requisitos de acceso&#46;&#46;&#46;<\/p>\n","protected":false},"author":6260,"featured_media":5926,"comment_status":"open","ping_status":"open","sticky":false,"template":"","format":"standard","meta":{"ngg_post_thumbnail":0,"footnotes":""},"categories":[1443527],"tags":[],"aioseo_notices":[],"_links":{"self":[{"href":"https:\/\/blogsaverroes.juntadeandalucia.es\/iesodiel\/wp-json\/wp\/v2\/posts\/6980"}],"collection":[{"href":"https:\/\/blogsaverroes.juntadeandalucia.es\/iesodiel\/wp-json\/wp\/v2\/posts"}],"about":[{"href":"https:\/\/blogsaverroes.juntadeandalucia.es\/iesodiel\/wp-json\/wp\/v2\/types\/post"}],"author":[{"embeddable":true,"href":"https:\/\/blogsaverroes.juntadeandalucia.es\/iesodiel\/wp-json\/wp\/v2\/users\/6260"}],"replies":[{"embeddable":true,"href":"https:\/\/blogsaverroes.juntadeandalucia.es\/iesodiel\/wp-json\/wp\/v2\/comments?post=6980"}],"version-history":[{"count":20,"href":"https:\/\/blogsaverroes.juntadeandalucia.es\/iesodiel\/wp-json\/wp\/v2\/posts\/6980\/revisions"}],"predecessor-version":[{"id":7139,"href":"https:\/\/blogsaverroes.juntadeandalucia.es\/iesodiel\/wp-json\/wp\/v2\/posts\/6980\/revisions\/7139"}],"wp:featuredmedia":[{"embeddable":true,"href":"https:\/\/blogsaverroes.juntadeandalucia.es\/iesodiel\/wp-json\/wp\/v2\/media\/5926"}],"wp:attachment":[{"href":"https:\/\/blogsaverroes.juntadeandalucia.es\/iesodiel\/wp-json\/wp\/v2\/media?parent=6980"}],"wp:term":[{"taxonomy":"category","embeddable":true,"href":"https:\/\/blogsaverroes.juntadeandalucia.es\/iesodiel\/wp-json\/wp\/v2\/categories?post=6980"},{"taxonomy":"post_tag","embeddable":true,"href":"https:\/\/blogsaverroes.juntadeandalucia.es\/iesodiel\/wp-json\/wp\/v2\/tags?post=6980"}],"curies":[{"name":"wp","href":"https:\/\/api.w.org\/{rel}","templated":true}]}}