{"id":7058,"date":"2021-07-09T11:59:00","date_gmt":"2021-07-09T09:59:00","guid":{"rendered":"https:\/\/blogsaverroes.juntadeandalucia.es\/iesodiel\/?p=7058"},"modified":"2021-09-01T21:42:28","modified_gmt":"2021-09-01T19:42:28","slug":"libros-de-texto-para-el-curso-2021-22","status":"publish","type":"post","link":"https:\/\/blogsaverroes.juntadeandalucia.es\/iesodiel\/2021\/07\/09\/libros-de-texto-para-el-curso-2021-22\/","title":{"rendered":"Libros de texto para el curso 2021-22 (actualizado 1 septiembre)"},"content":{"rendered":"<p>Enlaces a los libros de texto para el pr\u00f3ximo curso:<\/p>\n<p><a href=\"https:\/\/blogsaverroes.juntadeandalucia.es\/iesodiel\/files\/2021\/09\/LIBROS-DE-TEXTO-2021-2022-actualizado-sept2021.pdf\" target=\"_blank\" rel=\"noopener noreferrer\">Libros de texto para ESO y FPB<\/a> (el cheque libro para segundo y cuarto se mandar\u00e1 al <em>punto de recogida<\/em> de la aplicaci\u00f3n <strong>iPasen<\/strong> en el mes de septiembre. Los libros de primero y tercero se entregar\u00e1n en el instituto a comienzos de curso). (Archivo actualizado el 1 de septiembre solventando error en la consignaci\u00f3n del EAN del libro de Franc\u00e9s de 2ESO)<\/p>\n<p><a href=\"https:\/\/blogsaverroes.juntadeandalucia.es\/iesodiel\/files\/2021\/07\/LIBROS-DE-TEXTO-CURSO-2021-22-Bachillerato.pdf\" target=\"_blank\" rel=\"noopener noreferrer\">Libros de texto para Bachillerato<\/a><\/p>\n","protected":false},"excerpt":{"rendered":"<p>Enlaces a los libros de texto para el pr\u00f3ximo curso: Libros de texto para ESO y FPB (el cheque libro para segundo y cuarto se mandar\u00e1 al punto de recogida de la aplicaci\u00f3n iPasen&#46;&#46;&#46;<\/p>\n","protected":false},"author":6260,"featured_media":7061,"comment_status":"open","ping_status":"open","sticky":false,"template":"","format":"standard","meta":{"ngg_post_thumbnail":0,"footnotes":""},"categories":[1443527],"tags":[],"aioseo_notices":[],"_links":{"self":[{"href":"https:\/\/blogsaverroes.juntadeandalucia.es\/iesodiel\/wp-json\/wp\/v2\/posts\/7058"}],"collection":[{"href":"https:\/\/blogsaverroes.juntadeandalucia.es\/iesodiel\/wp-json\/wp\/v2\/posts"}],"about":[{"href":"https:\/\/blogsaverroes.juntadeandalucia.es\/iesodiel\/wp-json\/wp\/v2\/types\/post"}],"author":[{"embeddable":true,"href":"https:\/\/blogsaverroes.juntadeandalucia.es\/iesodiel\/wp-json\/wp\/v2\/users\/6260"}],"replies":[{"embeddable":true,"href":"https:\/\/blogsaverroes.juntadeandalucia.es\/iesodiel\/wp-json\/wp\/v2\/comments?post=7058"}],"version-history":[{"count":6,"href":"https:\/\/blogsaverroes.juntadeandalucia.es\/iesodiel\/wp-json\/wp\/v2\/posts\/7058\/revisions"}],"predecessor-version":[{"id":7110,"href":"https:\/\/blogsaverroes.juntadeandalucia.es\/iesodiel\/wp-json\/wp\/v2\/posts\/7058\/revisions\/7110"}],"wp:featuredmedia":[{"embeddable":true,"href":"https:\/\/blogsaverroes.juntadeandalucia.es\/iesodiel\/wp-json\/wp\/v2\/media\/7061"}],"wp:attachment":[{"href":"https:\/\/blogsaverroes.juntadeandalucia.es\/iesodiel\/wp-json\/wp\/v2\/media?parent=7058"}],"wp:term":[{"taxonomy":"category","embeddable":true,"href":"https:\/\/blogsaverroes.juntadeandalucia.es\/iesodiel\/wp-json\/wp\/v2\/categories?post=7058"},{"taxonomy":"post_tag","embeddable":true,"href":"https:\/\/blogsaverroes.juntadeandalucia.es\/iesodiel\/wp-json\/wp\/v2\/tags?post=7058"}],"curies":[{"name":"wp","href":"https:\/\/api.w.org\/{rel}","templated":true}]}}