{"id":7102,"date":"2021-09-01T14:15:36","date_gmt":"2021-09-01T12:15:36","guid":{"rendered":"https:\/\/blogsaverroes.juntadeandalucia.es\/iesodiel\/?p=7102"},"modified":"2021-09-01T14:15:36","modified_gmt":"2021-09-01T12:15:36","slug":"x-premios-de-educacion-al-mejor-expediente-academico","status":"publish","type":"post","link":"https:\/\/blogsaverroes.juntadeandalucia.es\/iesodiel\/2021\/09\/01\/x-premios-de-educacion-al-mejor-expediente-academico\/","title":{"rendered":"X Premios de educaci\u00f3n al mejor expediente acad\u00e9mico"},"content":{"rendered":"<p>El Ayuntamiento de Gibrale\u00f3n, a trav\u00e9s de su Concejal\u00eda de Educaci\u00f3n, otorg\u00f3 hace unas semanas los premios al mejor expediente acad\u00e9mico del alumnado que ha cursado ESO, Bachillerato y Ciclos Formativos en el IES Odiel, y Educaci\u00f3n Permanente de Adultos en el SEPER Panturrana, con el fin de reconocer el rendimiento acad\u00e9mico y esfuerzo demostrado. Estos premios se conceden durante las Fiestas Patronales de San Roque. Este a\u00f1o las homenajeadas han sido:<\/p>\n<ul>\n<li>Premio de Educaci\u00f3n al Esfuerzo Personal, Proyecto Olont: Mar\u00eda Jos\u00e9 L\u00f3pez Dom\u00ednguez<\/li>\n<li>Premio de Educaci\u00f3n al mejor expediente acad\u00e9mico ESO: Rosa Fiscal L\u00f3pez<\/li>\n<li>Premio de Educaci\u00f3n al mejor expediente acad\u00e9mico Bachillerato: Mar\u00eda L\u00f3pez Alcaraz<\/li>\n<li>Premio de Educaci\u00f3n al mejor expediente acad\u00e9mico CFGM Gesti\u00f3n Administrativa: Isabel Carmen Gonz\u00e1lez L\u00f3pez<\/li>\n<li>Premio de Educaci\u00f3n al mejor expediente acad\u00e9mico CFGM APSD: Alba Luna Garc\u00eda<\/li>\n<\/ul>\n<p><img loading=\"lazy\" decoding=\"async\" class=\"wp-image-7106 aligncenter\" src=\"https:\/\/blogsaverroes.juntadeandalucia.es\/iesodiel\/files\/2021\/09\/X-Premios-mejor-expediente-acad\u00e9mico-agosto-2021.jpeg\" alt=\"\" width=\"925\" height=\"694\" srcset=\"https:\/\/blogsaverroes.juntadeandalucia.es\/iesodiel\/files\/2021\/09\/X-Premios-mejor-expediente-acad\u00e9mico-agosto-2021.jpeg 1600w, https:\/\/blogsaverroes.juntadeandalucia.es\/iesodiel\/files\/2021\/09\/X-Premios-mejor-expediente-acad\u00e9mico-agosto-2021-300x225.jpeg 300w, https:\/\/blogsaverroes.juntadeandalucia.es\/iesodiel\/files\/2021\/09\/X-Premios-mejor-expediente-acad\u00e9mico-agosto-2021-1024x768.jpeg 1024w, https:\/\/blogsaverroes.juntadeandalucia.es\/iesodiel\/files\/2021\/09\/X-Premios-mejor-expediente-acad\u00e9mico-agosto-2021-768x576.jpeg 768w, https:\/\/blogsaverroes.juntadeandalucia.es\/iesodiel\/files\/2021\/09\/X-Premios-mejor-expediente-acad\u00e9mico-agosto-2021-1536x1152.jpeg 1536w\" sizes=\"(max-width: 925px) 100vw, 925px\" \/><\/p>\n","protected":false},"excerpt":{"rendered":"<p>El Ayuntamiento de Gibrale\u00f3n, a trav\u00e9s de su Concejal\u00eda de Educaci\u00f3n, otorg\u00f3 hace unas semanas los premios al mejor expediente acad\u00e9mico del alumnado que ha cursado ESO, Bachillerato y Ciclos Formativos en el IES&#46;&#46;&#46;<\/p>\n","protected":false},"author":6260,"featured_media":7108,"comment_status":"open","ping_status":"open","sticky":false,"template":"","format":"standard","meta":{"ngg_post_thumbnail":0,"footnotes":""},"categories":[52,1444089],"tags":[],"aioseo_notices":[],"_links":{"self":[{"href":"https:\/\/blogsaverroes.juntadeandalucia.es\/iesodiel\/wp-json\/wp\/v2\/posts\/7102"}],"collection":[{"href":"https:\/\/blogsaverroes.juntadeandalucia.es\/iesodiel\/wp-json\/wp\/v2\/posts"}],"about":[{"href":"https:\/\/blogsaverroes.juntadeandalucia.es\/iesodiel\/wp-json\/wp\/v2\/types\/post"}],"author":[{"embeddable":true,"href":"https:\/\/blogsaverroes.juntadeandalucia.es\/iesodiel\/wp-json\/wp\/v2\/users\/6260"}],"replies":[{"embeddable":true,"href":"https:\/\/blogsaverroes.juntadeandalucia.es\/iesodiel\/wp-json\/wp\/v2\/comments?post=7102"}],"version-history":[{"count":3,"href":"https:\/\/blogsaverroes.juntadeandalucia.es\/iesodiel\/wp-json\/wp\/v2\/posts\/7102\/revisions"}],"predecessor-version":[{"id":7107,"href":"https:\/\/blogsaverroes.juntadeandalucia.es\/iesodiel\/wp-json\/wp\/v2\/posts\/7102\/revisions\/7107"}],"wp:featuredmedia":[{"embeddable":true,"href":"https:\/\/blogsaverroes.juntadeandalucia.es\/iesodiel\/wp-json\/wp\/v2\/media\/7108"}],"wp:attachment":[{"href":"https:\/\/blogsaverroes.juntadeandalucia.es\/iesodiel\/wp-json\/wp\/v2\/media?parent=7102"}],"wp:term":[{"taxonomy":"category","embeddable":true,"href":"https:\/\/blogsaverroes.juntadeandalucia.es\/iesodiel\/wp-json\/wp\/v2\/categories?post=7102"},{"taxonomy":"post_tag","embeddable":true,"href":"https:\/\/blogsaverroes.juntadeandalucia.es\/iesodiel\/wp-json\/wp\/v2\/tags?post=7102"}],"curies":[{"name":"wp","href":"https:\/\/api.w.org\/{rel}","templated":true}]}}