{"id":8515,"date":"2022-12-18T21:22:57","date_gmt":"2022-12-18T20:22:57","guid":{"rendered":"https:\/\/blogsaverroes.juntadeandalucia.es\/iesodiel\/?p=8515"},"modified":"2022-12-18T21:22:57","modified_gmt":"2022-12-18T20:22:57","slug":"apsd-visita-la-agencia-de-servicios-sociales-y-dependencia","status":"publish","type":"post","link":"https:\/\/blogsaverroes.juntadeandalucia.es\/iesodiel\/2022\/12\/18\/apsd-visita-la-agencia-de-servicios-sociales-y-dependencia\/","title":{"rendered":"APSD visita la Agencia de Servicios Sociales y Dependencia"},"content":{"rendered":"<p>Los alumnos de segundo de APSD visitaron el pasado mi\u00e9rcoles la Agencia de servicios sociales y dependencia de Sevilla, relacionado con el m\u00f3dulo profesional de Teleasistencia. Con las profesoras Julia Mart\u00ednez y Mercedes Aguilar.<\/p>\nngg_shortcode_0_placeholder\n","protected":false},"excerpt":{"rendered":"<p>Los alumnos de segundo de APSD visitaron el pasado mi\u00e9rcoles la Agencia de servicios sociales y dependencia de Sevilla, relacionado con el m\u00f3dulo profesional de Teleasistencia. Con las profesoras Julia Mart\u00ednez y Mercedes Aguilar.<\/p>\n","protected":false},"author":6260,"featured_media":8527,"comment_status":"open","ping_status":"open","sticky":false,"template":"","format":"standard","meta":{"ngg_post_thumbnail":0,"footnotes":""},"categories":[1444090],"tags":[],"aioseo_notices":[],"_links":{"self":[{"href":"https:\/\/blogsaverroes.juntadeandalucia.es\/iesodiel\/wp-json\/wp\/v2\/posts\/8515"}],"collection":[{"href":"https:\/\/blogsaverroes.juntadeandalucia.es\/iesodiel\/wp-json\/wp\/v2\/posts"}],"about":[{"href":"https:\/\/blogsaverroes.juntadeandalucia.es\/iesodiel\/wp-json\/wp\/v2\/types\/post"}],"author":[{"embeddable":true,"href":"https:\/\/blogsaverroes.juntadeandalucia.es\/iesodiel\/wp-json\/wp\/v2\/users\/6260"}],"replies":[{"embeddable":true,"href":"https:\/\/blogsaverroes.juntadeandalucia.es\/iesodiel\/wp-json\/wp\/v2\/comments?post=8515"}],"version-history":[{"count":2,"href":"https:\/\/blogsaverroes.juntadeandalucia.es\/iesodiel\/wp-json\/wp\/v2\/posts\/8515\/revisions"}],"predecessor-version":[{"id":8528,"href":"https:\/\/blogsaverroes.juntadeandalucia.es\/iesodiel\/wp-json\/wp\/v2\/posts\/8515\/revisions\/8528"}],"wp:featuredmedia":[{"embeddable":true,"href":"https:\/\/blogsaverroes.juntadeandalucia.es\/iesodiel\/wp-json\/wp\/v2\/media\/8527"}],"wp:attachment":[{"href":"https:\/\/blogsaverroes.juntadeandalucia.es\/iesodiel\/wp-json\/wp\/v2\/media?parent=8515"}],"wp:term":[{"taxonomy":"category","embeddable":true,"href":"https:\/\/blogsaverroes.juntadeandalucia.es\/iesodiel\/wp-json\/wp\/v2\/categories?post=8515"},{"taxonomy":"post_tag","embeddable":true,"href":"https:\/\/blogsaverroes.juntadeandalucia.es\/iesodiel\/wp-json\/wp\/v2\/tags?post=8515"}],"curies":[{"name":"wp","href":"https:\/\/api.w.org\/{rel}","templated":true}]}}