{"id":8663,"date":"2023-02-17T08:54:01","date_gmt":"2023-02-17T07:54:01","guid":{"rendered":"https:\/\/blogsaverroes.juntadeandalucia.es\/iesodiel\/?p=8663"},"modified":"2023-02-27T21:17:20","modified_gmt":"2023-02-27T20:17:20","slug":"8663","status":"publish","type":"post","link":"https:\/\/blogsaverroes.juntadeandalucia.es\/iesodiel\/2023\/02\/17\/8663\/","title":{"rendered":"Talleres de educaci\u00f3n sexual"},"content":{"rendered":"<p>Hoy viene a visitarnos Laura Marcilla, una mujer maravillosa y especialista en psicolog\u00eda y sexolog\u00eda. \u00a1Pod\u00e9is seguirla en redes sociales! Su cuenta es @laumarcilla<\/p>\n<p><img loading=\"lazy\" decoding=\"async\" class=\"wp-image-8665 aligncenter\" src=\"https:\/\/blogsaverroes.juntadeandalucia.es\/iesodiel\/files\/2023\/02\/Talleres-educaci\u00f3n-Sexual_2023-02-17.jpeg\" alt=\"\" width=\"645\" height=\"645\" srcset=\"https:\/\/blogsaverroes.juntadeandalucia.es\/iesodiel\/files\/2023\/02\/Talleres-educaci\u00f3n-Sexual_2023-02-17.jpeg 1080w, https:\/\/blogsaverroes.juntadeandalucia.es\/iesodiel\/files\/2023\/02\/Talleres-educaci\u00f3n-Sexual_2023-02-17-300x300.jpeg 300w, https:\/\/blogsaverroes.juntadeandalucia.es\/iesodiel\/files\/2023\/02\/Talleres-educaci\u00f3n-Sexual_2023-02-17-1024x1024.jpeg 1024w, https:\/\/blogsaverroes.juntadeandalucia.es\/iesodiel\/files\/2023\/02\/Talleres-educaci\u00f3n-Sexual_2023-02-17-150x150.jpeg 150w, https:\/\/blogsaverroes.juntadeandalucia.es\/iesodiel\/files\/2023\/02\/Talleres-educaci\u00f3n-Sexual_2023-02-17-768x768.jpeg 768w, https:\/\/blogsaverroes.juntadeandalucia.es\/iesodiel\/files\/2023\/02\/Talleres-educaci\u00f3n-Sexual_2023-02-17-80x80.jpeg 80w, https:\/\/blogsaverroes.juntadeandalucia.es\/iesodiel\/files\/2023\/02\/Talleres-educaci\u00f3n-Sexual_2023-02-17-320x320.jpeg 320w\" sizes=\"(max-width: 645px) 100vw, 645px\" \/><\/p>\n<p>Patricia M\u00e1rquez, coordinadora del Plan de Igualdad de G\u00e9nero en Educaci\u00f3n del IES Odiel<\/p>\n","protected":false},"excerpt":{"rendered":"<p>Hoy viene a visitarnos Laura Marcilla, una mujer maravillosa y especialista en psicolog\u00eda y sexolog\u00eda. \u00a1Pod\u00e9is seguirla en redes sociales! Su cuenta es @laumarcilla Patricia M\u00e1rquez, coordinadora del Plan de Igualdad de G\u00e9nero en&#46;&#46;&#46;<\/p>\n","protected":false},"author":6260,"featured_media":8664,"comment_status":"open","ping_status":"open","sticky":false,"template":"","format":"standard","meta":{"ngg_post_thumbnail":0,"footnotes":""},"categories":[287],"tags":[],"aioseo_notices":[],"_links":{"self":[{"href":"https:\/\/blogsaverroes.juntadeandalucia.es\/iesodiel\/wp-json\/wp\/v2\/posts\/8663"}],"collection":[{"href":"https:\/\/blogsaverroes.juntadeandalucia.es\/iesodiel\/wp-json\/wp\/v2\/posts"}],"about":[{"href":"https:\/\/blogsaverroes.juntadeandalucia.es\/iesodiel\/wp-json\/wp\/v2\/types\/post"}],"author":[{"embeddable":true,"href":"https:\/\/blogsaverroes.juntadeandalucia.es\/iesodiel\/wp-json\/wp\/v2\/users\/6260"}],"replies":[{"embeddable":true,"href":"https:\/\/blogsaverroes.juntadeandalucia.es\/iesodiel\/wp-json\/wp\/v2\/comments?post=8663"}],"version-history":[{"count":2,"href":"https:\/\/blogsaverroes.juntadeandalucia.es\/iesodiel\/wp-json\/wp\/v2\/posts\/8663\/revisions"}],"predecessor-version":[{"id":8690,"href":"https:\/\/blogsaverroes.juntadeandalucia.es\/iesodiel\/wp-json\/wp\/v2\/posts\/8663\/revisions\/8690"}],"wp:featuredmedia":[{"embeddable":true,"href":"https:\/\/blogsaverroes.juntadeandalucia.es\/iesodiel\/wp-json\/wp\/v2\/media\/8664"}],"wp:attachment":[{"href":"https:\/\/blogsaverroes.juntadeandalucia.es\/iesodiel\/wp-json\/wp\/v2\/media?parent=8663"}],"wp:term":[{"taxonomy":"category","embeddable":true,"href":"https:\/\/blogsaverroes.juntadeandalucia.es\/iesodiel\/wp-json\/wp\/v2\/categories?post=8663"},{"taxonomy":"post_tag","embeddable":true,"href":"https:\/\/blogsaverroes.juntadeandalucia.es\/iesodiel\/wp-json\/wp\/v2\/tags?post=8663"}],"curies":[{"name":"wp","href":"https:\/\/api.w.org\/{rel}","templated":true}]}}