{"id":9104,"date":"2023-05-02T13:36:17","date_gmt":"2023-05-02T11:36:17","guid":{"rendered":"https:\/\/blogsaverroes.juntadeandalucia.es\/iesodiel\/?p=9104"},"modified":"2023-05-02T13:37:12","modified_gmt":"2023-05-02T11:37:12","slug":"9104","status":"publish","type":"post","link":"https:\/\/blogsaverroes.juntadeandalucia.es\/iesodiel\/2023\/05\/02\/9104\/","title":{"rendered":"Matr\u00edcula en la EOI de Huelva"},"content":{"rendered":"<p><img loading=\"lazy\" decoding=\"async\" class=\"aligncenter wp-image-9105\" src=\"https:\/\/blogsaverroes.juntadeandalucia.es\/iesodiel\/files\/2023\/05\/eoihuelva2023.png\" alt=\"\" width=\"963\" height=\"1362\" srcset=\"https:\/\/blogsaverroes.juntadeandalucia.es\/iesodiel\/files\/2023\/05\/eoihuelva2023.png 1131w, https:\/\/blogsaverroes.juntadeandalucia.es\/iesodiel\/files\/2023\/05\/eoihuelva2023-212x300.png 212w, https:\/\/blogsaverroes.juntadeandalucia.es\/iesodiel\/files\/2023\/05\/eoihuelva2023-724x1024.png 724w, https:\/\/blogsaverroes.juntadeandalucia.es\/iesodiel\/files\/2023\/05\/eoihuelva2023-768x1086.png 768w, https:\/\/blogsaverroes.juntadeandalucia.es\/iesodiel\/files\/2023\/05\/eoihuelva2023-1086x1536.png 1086w, https:\/\/blogsaverroes.juntadeandalucia.es\/iesodiel\/files\/2023\/05\/eoihuelva2023-1448x2048.png 1448w\" sizes=\"(max-width: 963px) 100vw, 963px\" \/><\/p>\n<p>La Escuela Oficial de Idiomas de Huelva es el \u00fanico centro p\u00fablico de ense\u00f1anza de idiomas en la ciudad. En la actualidad se puede estudiar alem\u00e1n, franc\u00e9s, ingl\u00e9s, italiano y portugu\u00e9s desde nivel 0 hasta C2, en modalidad presencial y semipresencial, todo ello seg\u00fan idiomas. Adem\u00e1s, el profesorado tiene cursos espec\u00edficos, denominados CAL, cuyo acceso es pr\u00e1cticamente directo. Estos cursos se ofertan en franc\u00e9s, ingl\u00e9s y portugu\u00e9s.<br \/>\nAl ser un centro oficial el alumnado paga una \u00fanica tasa anual de aproximadamente <strong>70 euros<\/strong>, teniendo con ello derecho a:<\/p>\n<ul>\n<li>4h30mn de docencia directa semanal.<\/li>\n<li>Derecho a examen para obtener el t\u00edtulo oficial de idiomas del nivel de estudios que se est\u00e9 cursando.<\/li>\n<\/ul>\n<p>Por todo ello queremos dar a conocer nuestras ense\u00f1anzas al alumnado de IES, pero sobre todo porque creemos que nuestro centro puede ofrecerles nuevas oportunidades a vuestros alumnos y alumnas.<\/p>\n<p>Para aquellas personas que puedan estar interesadas en nuestro centro, es importante que sepan que la forma de asegurarse una plaza para el pr\u00f3ximo curso es solicitando plaza en el periodo de admisi\u00f3n que este a\u00f1o es del <strong>1-22 de mayo<\/strong>. Tambi\u00e9n, y para que nos conozcan mejor, los pr\u00f3ximos 3 y 4 de mayo organizaremos jornadas de puertas abiertas a las que est\u00e1is invitados a asistir.<\/p>\n<p>Toda la informaci\u00f3n sobre la EOI Huelva y el periodo de admisi\u00f3n est\u00e1 disponible en nuestra web <strong>eoihuelva.es<\/strong><\/p>\n<p>Maite Sub\u00edas Casaled<br \/>\nDirectora EOI Huelva<br \/>\nMail: 21800791@g.educaand.es<br \/>\nTfno. 671565926 \/ 765926<\/p>\n","protected":false},"excerpt":{"rendered":"<p>La Escuela Oficial de Idiomas de Huelva es el \u00fanico centro p\u00fablico de ense\u00f1anza de idiomas en la ciudad. En la actualidad se puede estudiar alem\u00e1n, franc\u00e9s, ingl\u00e9s, italiano y portugu\u00e9s desde nivel 0&#46;&#46;&#46;<\/p>\n","protected":false},"author":6260,"featured_media":9107,"comment_status":"open","ping_status":"open","sticky":false,"template":"","format":"standard","meta":{"ngg_post_thumbnail":0,"footnotes":""},"categories":[1443527],"tags":[],"aioseo_notices":[],"_links":{"self":[{"href":"https:\/\/blogsaverroes.juntadeandalucia.es\/iesodiel\/wp-json\/wp\/v2\/posts\/9104"}],"collection":[{"href":"https:\/\/blogsaverroes.juntadeandalucia.es\/iesodiel\/wp-json\/wp\/v2\/posts"}],"about":[{"href":"https:\/\/blogsaverroes.juntadeandalucia.es\/iesodiel\/wp-json\/wp\/v2\/types\/post"}],"author":[{"embeddable":true,"href":"https:\/\/blogsaverroes.juntadeandalucia.es\/iesodiel\/wp-json\/wp\/v2\/users\/6260"}],"replies":[{"embeddable":true,"href":"https:\/\/blogsaverroes.juntadeandalucia.es\/iesodiel\/wp-json\/wp\/v2\/comments?post=9104"}],"version-history":[{"count":2,"href":"https:\/\/blogsaverroes.juntadeandalucia.es\/iesodiel\/wp-json\/wp\/v2\/posts\/9104\/revisions"}],"predecessor-version":[{"id":9108,"href":"https:\/\/blogsaverroes.juntadeandalucia.es\/iesodiel\/wp-json\/wp\/v2\/posts\/9104\/revisions\/9108"}],"wp:featuredmedia":[{"embeddable":true,"href":"https:\/\/blogsaverroes.juntadeandalucia.es\/iesodiel\/wp-json\/wp\/v2\/media\/9107"}],"wp:attachment":[{"href":"https:\/\/blogsaverroes.juntadeandalucia.es\/iesodiel\/wp-json\/wp\/v2\/media?parent=9104"}],"wp:term":[{"taxonomy":"category","embeddable":true,"href":"https:\/\/blogsaverroes.juntadeandalucia.es\/iesodiel\/wp-json\/wp\/v2\/categories?post=9104"},{"taxonomy":"post_tag","embeddable":true,"href":"https:\/\/blogsaverroes.juntadeandalucia.es\/iesodiel\/wp-json\/wp\/v2\/tags?post=9104"}],"curies":[{"name":"wp","href":"https:\/\/api.w.org\/{rel}","templated":true}]}}