{"id":9395,"date":"2023-06-12T08:56:57","date_gmt":"2023-06-12T06:56:57","guid":{"rendered":"https:\/\/blogsaverroes.juntadeandalucia.es\/iesodiel\/?p=9395"},"modified":"2023-06-12T09:00:47","modified_gmt":"2023-06-12T07:00:47","slug":"probono","status":"publish","type":"post","link":"https:\/\/blogsaverroes.juntadeandalucia.es\/iesodiel\/2023\/06\/12\/probono\/","title":{"rendered":"Probono"},"content":{"rendered":"<div dir=\"auto\">Nuestros alumnos de 2\u00b0 de bachillerato de la asignatura de psicolog\u00eda, han realizado un proyecto de mentor\u00eda y mediaci\u00f3n en los recreos con alumnos de cursos inferiores. Desde el centro se ha querido agradecer a los alumnos de bachillerato su trabajo con un obsequio.<\/div>\n<div dir=\"auto\">Gracias chicos por vuestra buena disposici\u00f3n y habilidades para mejorar la convivencia en nuestro centro.<\/div>\n<div dir=\"auto\">&nbsp;<\/div>\n<div dir=\"auto\">ngg_shortcode_0_placeholder<\/div>\n<div dir=\"auto\">Gracias a:<\/div>\n<div dir=\"auto\">Ana Palanco&nbsp;<\/div>\n<div dir=\"auto\">Marta Moreno<\/div>\n<div dir=\"auto\">Jos\u00e9 Manuel Redondo<\/div>\n<div dir=\"auto\">Alejandra Rodr\u00edguez<\/div>\n<div dir=\"auto\">Chaym\u00e1 Tahri<\/div>\n<div dir=\"auto\">Ana Quintero<\/div>\n<div dir=\"auto\">F\u00e1tima C\u00e1ceres&nbsp;<\/div>\n<div dir=\"auto\">Mar\u00eda Alfonso<\/div>\n<div dir=\"auto\">Daniel Fern\u00e1ndez&nbsp;<\/div>\n<div dir=\"auto\">\u00c1ngel Lara<\/div>\n<div dir=\"auto\">Roc\u00edo Tocino<\/div>\n<div dir=\"auto\">Mar\u00eda Torres<\/div>\n<div dir=\"auto\">Valeria V\u00e1zquez<\/div>\n<div dir=\"auto\">Ana Conde<\/div>\n<div dir=\"auto\">Alejandro L\u00f3pez<\/div>\n<div dir=\"auto\">Pablo Parralo<\/div>\n<div dir=\"auto\">&nbsp;<\/div>\n<div dir=\"auto\">Julia Lozano profesora de Psicolog\u00eda y orientadora del IES Odiel<\/div>\n","protected":false},"excerpt":{"rendered":"<p>Nuestros alumnos de 2\u00b0 de bachillerato de la asignatura de psicolog\u00eda, han realizado un proyecto de mentor\u00eda y mediaci\u00f3n en los recreos con alumnos de cursos inferiores. Desde el centro se ha querido agradecer&#46;&#46;&#46;<\/p>\n","protected":false},"author":6260,"featured_media":9405,"comment_status":"open","ping_status":"open","sticky":false,"template":"","format":"standard","meta":{"ngg_post_thumbnail":0,"footnotes":""},"categories":[25510],"tags":[],"aioseo_notices":[],"_links":{"self":[{"href":"https:\/\/blogsaverroes.juntadeandalucia.es\/iesodiel\/wp-json\/wp\/v2\/posts\/9395"}],"collection":[{"href":"https:\/\/blogsaverroes.juntadeandalucia.es\/iesodiel\/wp-json\/wp\/v2\/posts"}],"about":[{"href":"https:\/\/blogsaverroes.juntadeandalucia.es\/iesodiel\/wp-json\/wp\/v2\/types\/post"}],"author":[{"embeddable":true,"href":"https:\/\/blogsaverroes.juntadeandalucia.es\/iesodiel\/wp-json\/wp\/v2\/users\/6260"}],"replies":[{"embeddable":true,"href":"https:\/\/blogsaverroes.juntadeandalucia.es\/iesodiel\/wp-json\/wp\/v2\/comments?post=9395"}],"version-history":[{"count":3,"href":"https:\/\/blogsaverroes.juntadeandalucia.es\/iesodiel\/wp-json\/wp\/v2\/posts\/9395\/revisions"}],"predecessor-version":[{"id":9407,"href":"https:\/\/blogsaverroes.juntadeandalucia.es\/iesodiel\/wp-json\/wp\/v2\/posts\/9395\/revisions\/9407"}],"wp:featuredmedia":[{"embeddable":true,"href":"https:\/\/blogsaverroes.juntadeandalucia.es\/iesodiel\/wp-json\/wp\/v2\/media\/9405"}],"wp:attachment":[{"href":"https:\/\/blogsaverroes.juntadeandalucia.es\/iesodiel\/wp-json\/wp\/v2\/media?parent=9395"}],"wp:term":[{"taxonomy":"category","embeddable":true,"href":"https:\/\/blogsaverroes.juntadeandalucia.es\/iesodiel\/wp-json\/wp\/v2\/categories?post=9395"},{"taxonomy":"post_tag","embeddable":true,"href":"https:\/\/blogsaverroes.juntadeandalucia.es\/iesodiel\/wp-json\/wp\/v2\/tags?post=9395"}],"curies":[{"name":"wp","href":"https:\/\/api.w.org\/{rel}","templated":true}]}}