{"id":9560,"date":"2023-11-08T21:41:48","date_gmt":"2023-11-08T20:41:48","guid":{"rendered":"https:\/\/blogsaverroes.juntadeandalucia.es\/iesodiel\/?p=9560"},"modified":"2023-11-08T21:54:25","modified_gmt":"2023-11-08T20:54:25","slug":"lo-pasaron-de-miedo","status":"publish","type":"post","link":"https:\/\/blogsaverroes.juntadeandalucia.es\/iesodiel\/2023\/11\/08\/lo-pasaron-de-miedo\/","title":{"rendered":"Terror en la Biblioteca del IES Odiel"},"content":{"rendered":"<div>\n<div><img loading=\"lazy\" decoding=\"async\" class=\"wp-image-9536 alignright\" src=\"https:\/\/blogsaverroes.juntadeandalucia.es\/iesodiel\/files\/2023\/10\/Jornadas-Halloween.png\" alt=\"\" width=\"185\" height=\"246\" srcset=\"https:\/\/blogsaverroes.juntadeandalucia.es\/iesodiel\/files\/2023\/10\/Jornadas-Halloween.png 714w, https:\/\/blogsaverroes.juntadeandalucia.es\/iesodiel\/files\/2023\/10\/Jornadas-Halloween-225x300.png 225w\" sizes=\"(max-width: 185px) 100vw, 185px\" \/>Del 25 al 31 de octubre se celebraron en la Biblioteca del IES Odiel, con gran \u00e9xito de asistencia, las Jornadas Halloween.<\/div>\n<div class=\"gmail_quote\">Lo pasaron de miedo todos los alumnos de 1\u00baESO; 2\u00baA,B,C,E y G; 3\u00baDIVER,F; 4\u00ba DIVER,D,E,C y 1\u00ba BACH A-B<\/div>\n<div class=\"gmail_quote\"><span class=\"x193iq5w xeuugli x13faqbe x1vvkbs x10flsy6 x1lliihq x1s928wv xhkezso x1gmr53x x1cpjm7i x1fgarty x1943h6x x4zkp8e x41vudc x6prxxf xvq8zen xo1l8bm xzsf02u x1yc453h\" dir=\"auto\">Nuestros chicos ojearon durante unos minutos unos ejemplares escogidos especialmente para la ocasi\u00f3n. <\/span>Los libros mejor valorados y mas le\u00eddos fueros:<\/div>\n<\/div>\n<div class=\"gmail_quote\">1\u00ba- El pr\u00edncipe de la niebla de Carlos Ruiz Zaf\u00f3n<\/div>\n<div class=\"gmail_quote\">2\u00ba- El fantasma de Canterville de Oscar Wilde<\/div>\n<div class=\"gmail_quote\">3\u00ba- Cuentos de los hermanos Grimm&nbsp; y Crep\u00fasculo de Stephenie Meyer<\/div>\n<div><span class=\"x193iq5w xeuugli x13faqbe x1vvkbs x10flsy6 x1lliihq x1s928wv xhkezso x1gmr53x x1cpjm7i x1fgarty x1943h6x x4zkp8e x41vudc x6prxxf xvq8zen xo1l8bm xzsf02u x1yc453h\" dir=\"auto\">A continuaci\u00f3n disfrutaron unos \u00abterror\u00edficos\u00bb cortometrajes. La actividad se prolong\u00f3 durante unos treinta o cuarenta minutos por curso.<br \/>\n<\/span><\/div>\n<div>&nbsp;<\/div>\n<div>ngg_shortcode_0_placeholder<\/div>\n<div>&nbsp;<\/div>\n<div>Estas jornadas no hubieran sido posibles sin contar con el apoyo de :<br \/>\n&#8211; El equipo de biblioteca<br \/>\n&#8211; Nuestra compa\u00f1era Carmen de PT y de sus alumnos quienes realizaron \u00abespeluznantes\u00bb decoraciones.<br \/>\n&#8211; El profesorado y alumnado que se \u00abatrevi\u00f3\u00bb a visitar nuestra biblioteca acompa\u00f1ados de Tamara, Jos\u00e9 Ram\u00f3n, Javier, Patricia, V\u00edctor, Rebeca de la Cova, Marta P\u00e9rez, Carmen L\u00f3pez, Paco Garc\u00eda y D\u00e9bora<br \/>\n&#8211; Alumnado de franc\u00e9s de 1\u00ba y 2\u00ba de ESO que contribuyeron con sus manualidades: dibujos, maquetas, banderines etc&#8230;<br \/>\n&#8211; Alumnado de 1\u00ba bach A-B con su selecci\u00f3n de relatos cortos<br \/>\n&#8211; Mario publicitando en Instagram nuestro cartel<br \/>\n&#8211; Manuel L\u00f3pez, coordinador de TIC y de lo que haga falta; que de forma altruista te redacta los textos de las publicaciones, te instala proyector ,ordenador, te descarga cortos de miedo&#8230;<\/div>\n<div>\u00a1Gracias! a todos&#8230; Esperamos poder repetir el a\u00f1o que viene.<\/div>\n<div>&nbsp;<\/div>\n<div>Anabel Mart\u00ednez, Coordinadora de Biblioteca del IES Odiel<\/div>\n<div>&nbsp;<\/div>\n","protected":false},"excerpt":{"rendered":"<p>Del 25 al 31 de octubre se celebraron en la Biblioteca del IES Odiel, con gran \u00e9xito de asistencia, las Jornadas Halloween. Lo pasaron de miedo todos los alumnos de 1\u00baESO; 2\u00baA,B,C,E y G;&#46;&#46;&#46;<\/p>\n","protected":false},"author":6260,"featured_media":9570,"comment_status":"open","ping_status":"open","sticky":false,"template":"","format":"standard","meta":{"ngg_post_thumbnail":0,"footnotes":""},"categories":[213],"tags":[],"aioseo_notices":[],"_links":{"self":[{"href":"https:\/\/blogsaverroes.juntadeandalucia.es\/iesodiel\/wp-json\/wp\/v2\/posts\/9560"}],"collection":[{"href":"https:\/\/blogsaverroes.juntadeandalucia.es\/iesodiel\/wp-json\/wp\/v2\/posts"}],"about":[{"href":"https:\/\/blogsaverroes.juntadeandalucia.es\/iesodiel\/wp-json\/wp\/v2\/types\/post"}],"author":[{"embeddable":true,"href":"https:\/\/blogsaverroes.juntadeandalucia.es\/iesodiel\/wp-json\/wp\/v2\/users\/6260"}],"replies":[{"embeddable":true,"href":"https:\/\/blogsaverroes.juntadeandalucia.es\/iesodiel\/wp-json\/wp\/v2\/comments?post=9560"}],"version-history":[{"count":7,"href":"https:\/\/blogsaverroes.juntadeandalucia.es\/iesodiel\/wp-json\/wp\/v2\/posts\/9560\/revisions"}],"predecessor-version":[{"id":9573,"href":"https:\/\/blogsaverroes.juntadeandalucia.es\/iesodiel\/wp-json\/wp\/v2\/posts\/9560\/revisions\/9573"}],"wp:featuredmedia":[{"embeddable":true,"href":"https:\/\/blogsaverroes.juntadeandalucia.es\/iesodiel\/wp-json\/wp\/v2\/media\/9570"}],"wp:attachment":[{"href":"https:\/\/blogsaverroes.juntadeandalucia.es\/iesodiel\/wp-json\/wp\/v2\/media?parent=9560"}],"wp:term":[{"taxonomy":"category","embeddable":true,"href":"https:\/\/blogsaverroes.juntadeandalucia.es\/iesodiel\/wp-json\/wp\/v2\/categories?post=9560"},{"taxonomy":"post_tag","embeddable":true,"href":"https:\/\/blogsaverroes.juntadeandalucia.es\/iesodiel\/wp-json\/wp\/v2\/tags?post=9560"}],"curies":[{"name":"wp","href":"https:\/\/api.w.org\/{rel}","templated":true}]}}