{"id":4851,"date":"2022-09-07T11:55:12","date_gmt":"2022-09-07T10:55:12","guid":{"rendered":"https:\/\/blogsaverroes.juntadeandalucia.es\/iespabloneruda\/?p=4851"},"modified":"2022-10-02T21:08:56","modified_gmt":"2022-10-02T20:08:56","slug":"horarios-de-presentaciones","status":"publish","type":"post","link":"https:\/\/blogsaverroes.juntadeandalucia.es\/iespabloneruda\/horarios-de-presentaciones\/","title":{"rendered":"HORARIOS DE PRESENTACIONES"},"content":{"rendered":"<p><iframe loading=\"lazy\" src=\"https:\/\/drive.google.com\/file\/d\/1LexTncQZkslbFYlEq7jfL6eYE16tkl7L\/preview\" width=\"640\" height=\"700\"><span style=\"width: 0px;overflow: hidden;line-height: 0\" data-mce-type=\"bookmark\" class=\"mce_SELRES_start\">\ufeff<\/span><\/iframe><\/p>\n<p><span style=\"font-size: 14pt\"><strong><span style=\"color: #e11a1a\">NOTA:<\/span><\/strong><\/span><\/p>\n<p><span style=\"font-size: 14pt;color: #e11a1a\">Presentaci\u00f3n del <strong>CURSO DE ESPECIALIZACI\u00d3N EN AUDIODESCRIPCI\u00d3N Y SUBTITULACI\u00d3N<\/strong>:<\/span><\/p>\n<p><span style=\"font-size: 14pt;color: #e11a1a\">D\u00eda <strong>30<\/strong> de <strong>SEPTIEMBRE<\/strong> a las <strong>10:20<\/strong> horas<\/span><\/p>\n","protected":false},"excerpt":{"rendered":"<p>\ufeff NOTA: Presentaci\u00f3n del CURSO DE ESPECIALIZACI\u00d3N EN AUDIODESCRIPCI\u00d3N Y SUBTITULACI\u00d3N: D\u00eda 30 de SEPTIEMBRE a las 10:20 horas<\/p>\n","protected":false},"author":11374,"featured_media":4858,"comment_status":"closed","ping_status":"open","sticky":false,"template":"","format":"standard","meta":{"ngg_post_thumbnail":0,"footnotes":""},"categories":[562,2351698,2351678,768],"tags":[],"aioseo_notices":[],"_links":{"self":[{"href":"https:\/\/blogsaverroes.juntadeandalucia.es\/iespabloneruda\/wp-json\/wp\/v2\/posts\/4851"}],"collection":[{"href":"https:\/\/blogsaverroes.juntadeandalucia.es\/iespabloneruda\/wp-json\/wp\/v2\/posts"}],"about":[{"href":"https:\/\/blogsaverroes.juntadeandalucia.es\/iespabloneruda\/wp-json\/wp\/v2\/types\/post"}],"author":[{"embeddable":true,"href":"https:\/\/blogsaverroes.juntadeandalucia.es\/iespabloneruda\/wp-json\/wp\/v2\/users\/11374"}],"replies":[{"embeddable":true,"href":"https:\/\/blogsaverroes.juntadeandalucia.es\/iespabloneruda\/wp-json\/wp\/v2\/comments?post=4851"}],"version-history":[{"count":10,"href":"https:\/\/blogsaverroes.juntadeandalucia.es\/iespabloneruda\/wp-json\/wp\/v2\/posts\/4851\/revisions"}],"predecessor-version":[{"id":4867,"href":"https:\/\/blogsaverroes.juntadeandalucia.es\/iespabloneruda\/wp-json\/wp\/v2\/posts\/4851\/revisions\/4867"}],"wp:featuredmedia":[{"embeddable":true,"href":"https:\/\/blogsaverroes.juntadeandalucia.es\/iespabloneruda\/wp-json\/wp\/v2\/media\/4858"}],"wp:attachment":[{"href":"https:\/\/blogsaverroes.juntadeandalucia.es\/iespabloneruda\/wp-json\/wp\/v2\/media?parent=4851"}],"wp:term":[{"taxonomy":"category","embeddable":true,"href":"https:\/\/blogsaverroes.juntadeandalucia.es\/iespabloneruda\/wp-json\/wp\/v2\/categories?post=4851"},{"taxonomy":"post_tag","embeddable":true,"href":"https:\/\/blogsaverroes.juntadeandalucia.es\/iespabloneruda\/wp-json\/wp\/v2\/tags?post=4851"}],"curies":[{"name":"wp","href":"https:\/\/api.w.org\/{rel}","templated":true}]}}