{"id":5395,"date":"2023-01-25T19:57:24","date_gmt":"2023-01-25T18:57:24","guid":{"rendered":"https:\/\/blogsaverroes.juntadeandalucia.es\/iespabloneruda\/?p=5395"},"modified":"2023-03-22T21:37:38","modified_gmt":"2023-03-22T20:37:38","slug":"talent-show-pn-2023","status":"publish","type":"post","link":"https:\/\/blogsaverroes.juntadeandalucia.es\/iespabloneruda\/talent-show-pn-2023\/","title":{"rendered":"TALENT SHOW PN 2023"},"content":{"rendered":"<div>\n<div><a href=\"https:\/\/blogsaverroes.juntadeandalucia.es\/iespabloneruda\/files\/2023\/01\/Casting-Talent-final-scaled.jpg\"><img loading=\"lazy\" decoding=\"async\" class=\"size-full wp-image-5397 aligncenter\" src=\"https:\/\/blogsaverroes.juntadeandalucia.es\/iespabloneruda\/files\/2023\/01\/Casting-Talent-final-scaled.jpg\" alt=\"\" width=\"1159\" height=\"1600\" srcset=\"https:\/\/blogsaverroes.juntadeandalucia.es\/iespabloneruda\/files\/2023\/01\/Casting-Talent-final-scaled.jpg 1159w, https:\/\/blogsaverroes.juntadeandalucia.es\/iespabloneruda\/files\/2023\/01\/Casting-Talent-final-217x300.jpg 217w, https:\/\/blogsaverroes.juntadeandalucia.es\/iespabloneruda\/files\/2023\/01\/Casting-Talent-final-741x1024.jpg 741w, https:\/\/blogsaverroes.juntadeandalucia.es\/iespabloneruda\/files\/2023\/01\/Casting-Talent-final-768x1061.jpg 768w, https:\/\/blogsaverroes.juntadeandalucia.es\/iespabloneruda\/files\/2023\/01\/Casting-Talent-final-1112x1536.jpg 1112w, https:\/\/blogsaverroes.juntadeandalucia.es\/iespabloneruda\/files\/2023\/01\/Casting-Talent-final-1483x2048.jpg 1483w\" sizes=\"(max-width: 1159px) 100vw, 1159px\" \/><\/a><span style=\"font-size: 12pt\">Como cada a\u00f1o celebramos nuestro Talent Show en el instituto.&nbsp;<\/span><\/div>\n<div><span style=\"font-size: 12pt\">La fecha para el mismo es el d\u00eda <strong>10 de marzo<\/strong> de 2023.<\/span><\/div>\n<\/div>\n<p><span style=\"font-size: 12pt\"><!--more-->Pero antes, realizamos los c\u00e1stines, donde puede presentarse tanto alumnado como profesorado, para&nbsp;mostrarnos sus talentos. Si te&nbsp;gusta cantar, tocar alg\u00fan instrumento musical, si bailas, si haces magia, o cualquier otra habilidad que quieras mostrar,&nbsp;<b>\u00e9ste&nbsp;es tu momento.<\/b>&nbsp;\u00a1\u00a1Acude a los c\u00e1stines&nbsp;y mu\u00e9strate!!!<\/span><\/p>\n<div><strong><span style=\"font-size: 12pt\">\u00abNo limites tus retos, reta tus l\u00edmites\u00bb<\/span><\/strong><\/div>\n<div><strong><span style=\"font-size: 12pt\"><span style=\"font-size: 12pt\">*Este es el lema que preside el Talent Show PN 2023<\/span>*<\/span><\/strong><\/div>\n<div>&nbsp;<\/div>\n<div><strong><span style=\"font-size: 12pt\">Durante la jornada del 10 de marzo, cuando celebremos el Talent Show, habr\u00e1 un jurado, formado por profesorado y alumnado, que elegir\u00e1 a 3 ganadores. Los premios ser\u00e1n los siguientes:<\/span><\/strong><\/div>\n<div>\n<ul>\n<li><strong><span style=\"font-size: 12pt\">Primero. 100 euros.<\/span><\/strong><\/li>\n<li><strong><span style=\"font-size: 12pt\">Segundo. 75 euros<\/span><\/strong><\/li>\n<li><strong><span style=\"font-size: 12pt\">Tercero. 50 euros<\/span><\/strong><\/li>\n<\/ul>\n<\/div>\n<div><span style=\"font-size: 12pt\">Estos maravillosos c\u00e1stines se celebrar\u00e1n en el <strong>Aula de Esc\u00e9nicas (en la \u00faltima planta) a 4\u00aahora.<\/strong><\/span><\/div>\n<div><span style=\"font-size: 12pt\">En los siguientes d\u00edas:&nbsp;<\/span><\/div>\n<div>\n<ul>\n<li><span style=\"font-size: 12pt\">Viernes 10 y 21 de febrero.<\/span><\/li>\n<li><span style=\"font-size: 12pt\">Y viernes 3 de marzo.<\/span><\/li>\n<\/ul>\n<p><span style=\"font-size: 12pt\"><u><strong>M\u00e1rcalos bien en tu agenda y recuerda avisar a tu tutor\/a, as\u00ed como a los profesores que est\u00e9n contigo a esa hora<\/strong><b>,<\/b><\/u><b> <\/b>en caso contrario te pondr\u00e1n falta de asistencia.&nbsp;<\/span><\/div>\n<div>\n<div><span style=\"font-size: 12pt\">Para confirmar tu participaci\u00f3n puedes escribirnos a este <b>correo electr\u00f3nico<\/b>&nbsp;donde te atenderemos con mucha ilusi\u00f3n:<\/span><\/div>\n<div><span style=\"font-size: 12pt\"><a href=\"https:\/\/mail.google.com\/mail\/?view=cm&amp;fs=1&amp;to=STARSHOWTALENTSHOW%40GMAIL.COM&amp;authuser=0\" target=\"_blank\" rel=\"noopener noreferrer\">STARSHOWTALENTSHOW@GMAIL.COM<\/a>&nbsp;<\/span><\/div>\n<div>&nbsp;<\/div>\n<div><strong><span style=\"font-size: 12pt\">\u00a1\u00a1\u00a1Te esperamos!!!<\/span><\/strong><\/div>\n<\/div>\n<div class=\"yj6qo\">&nbsp;<\/div>\n<div class=\"adL\">&nbsp;<\/div>\n","protected":false},"excerpt":{"rendered":"<p>Como cada a\u00f1o celebramos nuestro Talent Show en el instituto.&nbsp; La fecha para el mismo es el d\u00eda 10 de marzo de 2023.<\/p>\n","protected":false},"author":11374,"featured_media":5396,"comment_status":"closed","ping_status":"open","sticky":false,"template":"","format":"standard","meta":{"ngg_post_thumbnail":0,"footnotes":""},"categories":[2351672,5670],"tags":[],"aioseo_notices":[],"_links":{"self":[{"href":"https:\/\/blogsaverroes.juntadeandalucia.es\/iespabloneruda\/wp-json\/wp\/v2\/posts\/5395"}],"collection":[{"href":"https:\/\/blogsaverroes.juntadeandalucia.es\/iespabloneruda\/wp-json\/wp\/v2\/posts"}],"about":[{"href":"https:\/\/blogsaverroes.juntadeandalucia.es\/iespabloneruda\/wp-json\/wp\/v2\/types\/post"}],"author":[{"embeddable":true,"href":"https:\/\/blogsaverroes.juntadeandalucia.es\/iespabloneruda\/wp-json\/wp\/v2\/users\/11374"}],"replies":[{"embeddable":true,"href":"https:\/\/blogsaverroes.juntadeandalucia.es\/iespabloneruda\/wp-json\/wp\/v2\/comments?post=5395"}],"version-history":[{"count":4,"href":"https:\/\/blogsaverroes.juntadeandalucia.es\/iespabloneruda\/wp-json\/wp\/v2\/posts\/5395\/revisions"}],"predecessor-version":[{"id":5401,"href":"https:\/\/blogsaverroes.juntadeandalucia.es\/iespabloneruda\/wp-json\/wp\/v2\/posts\/5395\/revisions\/5401"}],"wp:featuredmedia":[{"embeddable":true,"href":"https:\/\/blogsaverroes.juntadeandalucia.es\/iespabloneruda\/wp-json\/wp\/v2\/media\/5396"}],"wp:attachment":[{"href":"https:\/\/blogsaverroes.juntadeandalucia.es\/iespabloneruda\/wp-json\/wp\/v2\/media?parent=5395"}],"wp:term":[{"taxonomy":"category","embeddable":true,"href":"https:\/\/blogsaverroes.juntadeandalucia.es\/iespabloneruda\/wp-json\/wp\/v2\/categories?post=5395"},{"taxonomy":"post_tag","embeddable":true,"href":"https:\/\/blogsaverroes.juntadeandalucia.es\/iespabloneruda\/wp-json\/wp\/v2\/tags?post=5395"}],"curies":[{"name":"wp","href":"https:\/\/api.w.org\/{rel}","templated":true}]}}