{"id":5469,"date":"2023-02-06T19:45:20","date_gmt":"2023-02-06T18:45:20","guid":{"rendered":"https:\/\/blogsaverroes.juntadeandalucia.es\/iespabloneruda\/?p=5469"},"modified":"2023-04-16T15:34:27","modified_gmt":"2023-04-16T14:34:27","slug":"becas-de-inmersion-linguistica","status":"publish","type":"post","link":"https:\/\/blogsaverroes.juntadeandalucia.es\/iespabloneruda\/becas-de-inmersion-linguistica\/","title":{"rendered":"BECAS DE INMERSI\u00d3N LING\u00dc\u00cdSTICA"},"content":{"rendered":"<p><strong>Becas de Inmersi\u00f3n ling\u00fc\u00edstica<\/strong><br \/>\n<a href=\"https:\/\/blogsaverroes.juntadeandalucia.es\/iespabloneruda\/files\/2023\/02\/becas_cursos_de_idiomas_esp.jpg\"><img loading=\"lazy\" decoding=\"async\" class=\"size-full wp-image-5471 aligncenter\" src=\"https:\/\/blogsaverroes.juntadeandalucia.es\/iespabloneruda\/files\/2023\/02\/becas_cursos_de_idiomas_esp.jpg\" alt=\"\" width=\"480\" height=\"300\" srcset=\"https:\/\/blogsaverroes.juntadeandalucia.es\/iespabloneruda\/files\/2023\/02\/becas_cursos_de_idiomas_esp.jpg 480w, https:\/\/blogsaverroes.juntadeandalucia.es\/iespabloneruda\/files\/2023\/02\/becas_cursos_de_idiomas_esp-300x188.jpg 300w\" sizes=\"(max-width: 480px) 100vw, 480px\" \/><\/a><br \/>\n<!--more-->Convocadas 2.400 ayudas para la realizaci\u00f3n de un curso intensivo de inmersi\u00f3n ling\u00fc\u00edstica en ingl\u00e9s.<br \/>\nPara estudiantes que hayan recibido una beca en el curso 2022-2023 y que cumplan con los dem\u00e1s requisitos.<br \/>\nHasta el 3 de abril aqu\u00ed:<br \/>\n<a href=\"https:\/\/www.educacionyfp.gob.es\/servicios-al-ciudadano\/catalogo\/general\/99\/998697\/ficha\/998697-2023.html?fbclid=IwAR2gRCn_a3nGbUpDnBdxQG7Wx1jd0090GQ2QQH9eNgqRIFV2XLfw1mdGnI8\" target=\"_blank\" rel=\"noopener noreferrer\">https:\/\/www.educacionyfp.gob.es\/&#8230;\/ficha\/998697-2023.html<\/a><\/p>\n<p>\u00a1Aprovecha esta oportunidad!<\/p>\n","protected":false},"excerpt":{"rendered":"<p>Becas de Inmersi\u00f3n ling\u00fc\u00edstica<\/p>\n","protected":false},"author":11374,"featured_media":5471,"comment_status":"closed","ping_status":"open","sticky":false,"template":"","format":"standard","meta":{"ngg_post_thumbnail":0,"footnotes":""},"categories":[2351693,1338823,2351699],"tags":[],"aioseo_notices":[],"_links":{"self":[{"href":"https:\/\/blogsaverroes.juntadeandalucia.es\/iespabloneruda\/wp-json\/wp\/v2\/posts\/5469"}],"collection":[{"href":"https:\/\/blogsaverroes.juntadeandalucia.es\/iespabloneruda\/wp-json\/wp\/v2\/posts"}],"about":[{"href":"https:\/\/blogsaverroes.juntadeandalucia.es\/iespabloneruda\/wp-json\/wp\/v2\/types\/post"}],"author":[{"embeddable":true,"href":"https:\/\/blogsaverroes.juntadeandalucia.es\/iespabloneruda\/wp-json\/wp\/v2\/users\/11374"}],"replies":[{"embeddable":true,"href":"https:\/\/blogsaverroes.juntadeandalucia.es\/iespabloneruda\/wp-json\/wp\/v2\/comments?post=5469"}],"version-history":[{"count":3,"href":"https:\/\/blogsaverroes.juntadeandalucia.es\/iespabloneruda\/wp-json\/wp\/v2\/posts\/5469\/revisions"}],"predecessor-version":[{"id":5474,"href":"https:\/\/blogsaverroes.juntadeandalucia.es\/iespabloneruda\/wp-json\/wp\/v2\/posts\/5469\/revisions\/5474"}],"wp:featuredmedia":[{"embeddable":true,"href":"https:\/\/blogsaverroes.juntadeandalucia.es\/iespabloneruda\/wp-json\/wp\/v2\/media\/5471"}],"wp:attachment":[{"href":"https:\/\/blogsaverroes.juntadeandalucia.es\/iespabloneruda\/wp-json\/wp\/v2\/media?parent=5469"}],"wp:term":[{"taxonomy":"category","embeddable":true,"href":"https:\/\/blogsaverroes.juntadeandalucia.es\/iespabloneruda\/wp-json\/wp\/v2\/categories?post=5469"},{"taxonomy":"post_tag","embeddable":true,"href":"https:\/\/blogsaverroes.juntadeandalucia.es\/iespabloneruda\/wp-json\/wp\/v2\/tags?post=5469"}],"curies":[{"name":"wp","href":"https:\/\/api.w.org\/{rel}","templated":true}]}}