{"id":6250,"date":"2024-01-13T17:55:00","date_gmt":"2024-01-13T16:55:00","guid":{"rendered":"https:\/\/blogsaverroes.juntadeandalucia.es\/iespabloneruda\/?p=6250"},"modified":"2024-03-20T18:37:57","modified_gmt":"2024-03-20T17:37:57","slug":"prisma-focal-canal-de-youtube-del-alumnado-de-1o-icti","status":"publish","type":"post","link":"https:\/\/blogsaverroes.juntadeandalucia.es\/iespabloneruda\/prisma-focal-canal-de-youtube-del-alumnado-de-1o-icti\/","title":{"rendered":"PRISMA FOCAL: CANAL DE YOUTUBE DEL ALUMNADO DE 1\u00ba ICTI"},"content":{"rendered":"<p><strong>SUSCR\u00cdBETE<\/strong><!--more--><\/p>\n<p><strong>Prisma Focal<\/strong> es una productora audiovisual creada por la clase de 1\u00ba de Grabaci\u00f3n de Reportajes y Noticias del CFGS en Iluminaci\u00f3n Captaci\u00f3n y Tratamiento de la Imagen el I.E.S. Pablo Neruda. Durante el curso trabajan como una productora audiovisual cubriendo eventos y realizando noticias, colas y reportajes. De esta forma ponen en pr\u00e1ctica lo aprendido y se forman para su futuro laboral.<\/p>\n<p style=\"text-align: center\"><a href=\"https:\/\/www.youtube.com\/@PrismaFocalfocal\" target=\"_blank\" rel=\"noopener noreferrer\"><span style=\"color: #e11a1a\"><strong>ENLACE<\/strong><\/span><\/a><\/p>\n<p><a href=\"https:\/\/www.youtube.com\/@PrismaFocalfocal\" target=\"_blank\" rel=\"noopener noreferrer\"><img loading=\"lazy\" decoding=\"async\" class=\"size-full wp-image-6251 aligncenter\" src=\"https:\/\/blogsaverroes.juntadeandalucia.es\/iespabloneruda\/files\/2024\/01\/Sin-t\u00edtulo.png\" alt=\"\" width=\"255\" height=\"226\"><\/a><\/p>\n<p>&nbsp;<\/p>\n","protected":false},"excerpt":{"rendered":"<p>SUSCR\u00cdBETE<\/p>\n","protected":false},"author":11374,"featured_media":6251,"comment_status":"closed","ping_status":"open","sticky":false,"template":"","format":"standard","meta":{"ngg_post_thumbnail":0,"footnotes":""},"categories":[2351670,2351698,2351672],"tags":[],"aioseo_notices":[],"_links":{"self":[{"href":"https:\/\/blogsaverroes.juntadeandalucia.es\/iespabloneruda\/wp-json\/wp\/v2\/posts\/6250"}],"collection":[{"href":"https:\/\/blogsaverroes.juntadeandalucia.es\/iespabloneruda\/wp-json\/wp\/v2\/posts"}],"about":[{"href":"https:\/\/blogsaverroes.juntadeandalucia.es\/iespabloneruda\/wp-json\/wp\/v2\/types\/post"}],"author":[{"embeddable":true,"href":"https:\/\/blogsaverroes.juntadeandalucia.es\/iespabloneruda\/wp-json\/wp\/v2\/users\/11374"}],"replies":[{"embeddable":true,"href":"https:\/\/blogsaverroes.juntadeandalucia.es\/iespabloneruda\/wp-json\/wp\/v2\/comments?post=6250"}],"version-history":[{"count":2,"href":"https:\/\/blogsaverroes.juntadeandalucia.es\/iespabloneruda\/wp-json\/wp\/v2\/posts\/6250\/revisions"}],"predecessor-version":[{"id":6253,"href":"https:\/\/blogsaverroes.juntadeandalucia.es\/iespabloneruda\/wp-json\/wp\/v2\/posts\/6250\/revisions\/6253"}],"wp:featuredmedia":[{"embeddable":true,"href":"https:\/\/blogsaverroes.juntadeandalucia.es\/iespabloneruda\/wp-json\/wp\/v2\/media\/6251"}],"wp:attachment":[{"href":"https:\/\/blogsaverroes.juntadeandalucia.es\/iespabloneruda\/wp-json\/wp\/v2\/media?parent=6250"}],"wp:term":[{"taxonomy":"category","embeddable":true,"href":"https:\/\/blogsaverroes.juntadeandalucia.es\/iespabloneruda\/wp-json\/wp\/v2\/categories?post=6250"},{"taxonomy":"post_tag","embeddable":true,"href":"https:\/\/blogsaverroes.juntadeandalucia.es\/iespabloneruda\/wp-json\/wp\/v2\/tags?post=6250"}],"curies":[{"name":"wp","href":"https:\/\/api.w.org\/{rel}","templated":true}]}}