{"id":6323,"date":"2024-02-09T16:40:18","date_gmt":"2024-02-09T15:40:18","guid":{"rendered":"https:\/\/blogsaverroes.juntadeandalucia.es\/iespabloneruda\/?p=6323"},"modified":"2024-09-19T22:07:05","modified_gmt":"2024-09-19T21:07:05","slug":"calendario-de-vacunas","status":"publish","type":"post","link":"https:\/\/blogsaverroes.juntadeandalucia.es\/iespabloneruda\/calendario-de-vacunas\/","title":{"rendered":"CALENDARIO DE VACUNAS"},"content":{"rendered":"<div dir=\"auto\" style=\"text-align: justify\"><strong>INFORMACI\u00d3N CALENDARIO DE VACUNAS 2024 ACTUALIZADO.<\/strong><\/div>\n<p><!--more--><\/p>\n<div dir=\"auto\" style=\"text-align: justify\">Os dejamos informaci\u00f3n acerca de la vacunaci\u00f3n en la adolescencia con los cambios indicados para este a\u00f1o.<\/div>\n<div dir=\"auto\" style=\"text-align: justify\"><strong>Nota para nacidos en 2011<\/strong>: Aquellos ni\u00f1os y ni\u00f1as nacidos en 2011 y que fueron vacunados con una dosis de VPH y se les indic\u00f3 una segunda dosis a los 12 meses, con el cambio de 2024, est\u00e1n correctamente vacunados con UNA dosis. No es necesario acudir para administraci\u00f3n de la segunda.<\/div>\n<div dir=\"auto\">\n<div dir=\"auto\">&nbsp;<\/div>\n<div dir=\"auto\"><a href=\"https:\/\/drive.google.com\/file\/d\/1GSA7k2sk6uaaKRQcNLF0hrZGbpq0gDFO\/view?usp=sharing\" target=\"_blank\" rel=\"noopener noreferrer\"><strong>CONSENTIMIENTO INFORMADO<\/strong><\/a><\/div>\n<div dir=\"auto\">&nbsp;<\/div>\n<\/div>\n<div dir=\"auto\"><a href=\"https:\/\/blogsaverroes.juntadeandalucia.es\/iespabloneruda\/files\/2024\/02\/1707491884055.jpg\"><img loading=\"lazy\" decoding=\"async\" class=\"size-full wp-image-6324 aligncenter\" src=\"https:\/\/blogsaverroes.juntadeandalucia.es\/iespabloneruda\/files\/2024\/02\/1707491884055.jpg\" alt=\"\" width=\"640\" height=\"1600\" srcset=\"https:\/\/blogsaverroes.juntadeandalucia.es\/iespabloneruda\/files\/2024\/02\/1707491884055.jpg 640w, https:\/\/blogsaverroes.juntadeandalucia.es\/iespabloneruda\/files\/2024\/02\/1707491884055-120x300.jpg 120w, https:\/\/blogsaverroes.juntadeandalucia.es\/iespabloneruda\/files\/2024\/02\/1707491884055-410x1024.jpg 410w, https:\/\/blogsaverroes.juntadeandalucia.es\/iespabloneruda\/files\/2024\/02\/1707491884055-614x1536.jpg 614w\" sizes=\"(max-width: 640px) 100vw, 640px\" \/><\/a><\/div>\n<div dir=\"auto\">&nbsp;<\/div>\n","protected":false},"excerpt":{"rendered":"<p>INFORMACI\u00d3N CALENDARIO DE VACUNAS 2024 ACTUALIZADO.<\/p>\n","protected":false},"author":11374,"featured_media":6325,"comment_status":"closed","ping_status":"open","sticky":false,"template":"","format":"standard","meta":{"ngg_post_thumbnail":0,"footnotes":""},"categories":[784,2351725,2351705],"tags":[],"aioseo_notices":[],"_links":{"self":[{"href":"https:\/\/blogsaverroes.juntadeandalucia.es\/iespabloneruda\/wp-json\/wp\/v2\/posts\/6323"}],"collection":[{"href":"https:\/\/blogsaverroes.juntadeandalucia.es\/iespabloneruda\/wp-json\/wp\/v2\/posts"}],"about":[{"href":"https:\/\/blogsaverroes.juntadeandalucia.es\/iespabloneruda\/wp-json\/wp\/v2\/types\/post"}],"author":[{"embeddable":true,"href":"https:\/\/blogsaverroes.juntadeandalucia.es\/iespabloneruda\/wp-json\/wp\/v2\/users\/11374"}],"replies":[{"embeddable":true,"href":"https:\/\/blogsaverroes.juntadeandalucia.es\/iespabloneruda\/wp-json\/wp\/v2\/comments?post=6323"}],"version-history":[{"count":2,"href":"https:\/\/blogsaverroes.juntadeandalucia.es\/iespabloneruda\/wp-json\/wp\/v2\/posts\/6323\/revisions"}],"predecessor-version":[{"id":6327,"href":"https:\/\/blogsaverroes.juntadeandalucia.es\/iespabloneruda\/wp-json\/wp\/v2\/posts\/6323\/revisions\/6327"}],"wp:featuredmedia":[{"embeddable":true,"href":"https:\/\/blogsaverroes.juntadeandalucia.es\/iespabloneruda\/wp-json\/wp\/v2\/media\/6325"}],"wp:attachment":[{"href":"https:\/\/blogsaverroes.juntadeandalucia.es\/iespabloneruda\/wp-json\/wp\/v2\/media?parent=6323"}],"wp:term":[{"taxonomy":"category","embeddable":true,"href":"https:\/\/blogsaverroes.juntadeandalucia.es\/iespabloneruda\/wp-json\/wp\/v2\/categories?post=6323"},{"taxonomy":"post_tag","embeddable":true,"href":"https:\/\/blogsaverroes.juntadeandalucia.es\/iespabloneruda\/wp-json\/wp\/v2\/tags?post=6323"}],"curies":[{"name":"wp","href":"https:\/\/api.w.org\/{rel}","templated":true}]}}