{"id":50,"date":"2021-04-30T11:57:19","date_gmt":"2021-04-30T11:57:19","guid":{"rendered":"https:\/\/blogsaverroes.juntadeandalucia.es\/iespabloruedabiblioteca\/?p=50"},"modified":"2021-04-30T11:58:26","modified_gmt":"2021-04-30T11:58:26","slug":"recital-plurilingue-en-conmemoracion-del-dia-internacional-del-libro","status":"publish","type":"post","link":"https:\/\/blogsaverroes.juntadeandalucia.es\/iespabloruedabiblioteca\/2021\/04\/30\/recital-plurilingue-en-conmemoracion-del-dia-internacional-del-libro\/","title":{"rendered":"Recital pluriling\u00fce en conmemoraci\u00f3n del d\u00eda internacional del libro"},"content":{"rendered":"<p>\u00a1Echadle un vistazo a nuestros compa\u00f1eros recitando!<\/p>\n<p><a href=\"https:\/\/www.youtube.com\/watch?v=QGu1FT9tB5c\">https:\/\/www.youtube.com\/watch?v=QGu1FT9tB5c<\/a><\/p>\n<!--themify_builder_content-->\n<div id=\"themify_builder_content-50\" data-postid=\"50\" class=\"themify_builder_content themify_builder_content-50 themify_builder tf_clear\">\n    <\/div>\n<!--\/themify_builder_content-->\n","protected":false},"excerpt":{"rendered":"<p>\u00a1Echadle un vistazo a nuestros compa\u00f1eros recitando! https:\/\/www.youtube.com\/watch?v=QGu1FT9tB5c<\/p>\n","protected":false},"author":11772,"featured_media":0,"comment_status":"open","ping_status":"open","sticky":false,"template":"","format":"standard","meta":{"ngg_post_thumbnail":0,"footnotes":""},"categories":[1],"tags":[],"aioseo_notices":[],"_links":{"self":[{"href":"https:\/\/blogsaverroes.juntadeandalucia.es\/iespabloruedabiblioteca\/wp-json\/wp\/v2\/posts\/50"}],"collection":[{"href":"https:\/\/blogsaverroes.juntadeandalucia.es\/iespabloruedabiblioteca\/wp-json\/wp\/v2\/posts"}],"about":[{"href":"https:\/\/blogsaverroes.juntadeandalucia.es\/iespabloruedabiblioteca\/wp-json\/wp\/v2\/types\/post"}],"author":[{"embeddable":true,"href":"https:\/\/blogsaverroes.juntadeandalucia.es\/iespabloruedabiblioteca\/wp-json\/wp\/v2\/users\/11772"}],"replies":[{"embeddable":true,"href":"https:\/\/blogsaverroes.juntadeandalucia.es\/iespabloruedabiblioteca\/wp-json\/wp\/v2\/comments?post=50"}],"version-history":[{"count":4,"href":"https:\/\/blogsaverroes.juntadeandalucia.es\/iespabloruedabiblioteca\/wp-json\/wp\/v2\/posts\/50\/revisions"}],"predecessor-version":[{"id":54,"href":"https:\/\/blogsaverroes.juntadeandalucia.es\/iespabloruedabiblioteca\/wp-json\/wp\/v2\/posts\/50\/revisions\/54"}],"wp:attachment":[{"href":"https:\/\/blogsaverroes.juntadeandalucia.es\/iespabloruedabiblioteca\/wp-json\/wp\/v2\/media?parent=50"}],"wp:term":[{"taxonomy":"category","embeddable":true,"href":"https:\/\/blogsaverroes.juntadeandalucia.es\/iespabloruedabiblioteca\/wp-json\/wp\/v2\/categories?post=50"},{"taxonomy":"post_tag","embeddable":true,"href":"https:\/\/blogsaverroes.juntadeandalucia.es\/iespabloruedabiblioteca\/wp-json\/wp\/v2\/tags?post=50"}],"curies":[{"name":"wp","href":"https:\/\/api.w.org\/{rel}","templated":true}]}}