{"id":91,"date":"2022-04-23T07:21:52","date_gmt":"2022-04-23T07:21:52","guid":{"rendered":"https:\/\/blogsaverroes.juntadeandalucia.es\/iespabloruedabiblioteca\/?p=91"},"modified":"2022-07-06T07:30:54","modified_gmt":"2022-07-06T07:30:54","slug":"exposicion-literatura-universal","status":"publish","type":"post","link":"https:\/\/blogsaverroes.juntadeandalucia.es\/iespabloruedabiblioteca\/2022\/04\/23\/exposicion-literatura-universal\/","title":{"rendered":"Exposici\u00f3n literatura universal"},"content":{"rendered":"<p>Para conmemorar el D\u00eda Internacional del Libro, los alumnos del IES Pablo Rueda han elaborado una exposici\u00f3n con cl\u00e1sicos de la literatura universal, que amablemente han prestado a nuestro centro.<\/p>\n<figure id=\"attachment_92\" aria-describedby=\"caption-attachment-92\" style=\"width: 300px\" class=\"wp-caption alignnone\"><img loading=\"lazy\" decoding=\"async\" class=\"size-medium wp-image-92\" src=\"https:\/\/blogsaverroes.juntadeandalucia.es\/iespabloruedabiblioteca\/files\/2022\/07\/IMG_0329-300x225.jpg\" alt=\"\" width=\"300\" height=\"225\" srcset=\"https:\/\/blogsaverroes.juntadeandalucia.es\/iespabloruedabiblioteca\/files\/2022\/07\/IMG_0329-300x225.jpg 300w, https:\/\/blogsaverroes.juntadeandalucia.es\/iespabloruedabiblioteca\/files\/2022\/07\/IMG_0329-1024x768.jpg 1024w, https:\/\/blogsaverroes.juntadeandalucia.es\/iespabloruedabiblioteca\/files\/2022\/07\/IMG_0329-768x576.jpg 768w, https:\/\/blogsaverroes.juntadeandalucia.es\/iespabloruedabiblioteca\/files\/2022\/07\/IMG_0329-1536x1152.jpg 1536w, https:\/\/blogsaverroes.juntadeandalucia.es\/iespabloruedabiblioteca\/files\/2022\/07\/IMG_0329-2048x1536.jpg 2048w\" sizes=\"(max-width: 300px) 100vw, 300px\" \/><figcaption id=\"caption-attachment-92\" class=\"wp-caption-text\">Los alumnos de FPB visitan la exposici\u00f3n.<\/figcaption><\/figure>\n<!--themify_builder_content-->\n<div id=\"themify_builder_content-91\" data-postid=\"91\" class=\"themify_builder_content themify_builder_content-91 themify_builder tf_clear\">\n    <\/div>\n<!--\/themify_builder_content-->\n","protected":false},"excerpt":{"rendered":"<p>Para conmemorar el D\u00eda Internacional del Libro, los alumnos del IES Pablo Rueda han elaborado una exposici\u00f3n con cl\u00e1sicos de la literatura universal, que amablemente han prestado a nuestro centro.<\/p>\n","protected":false},"author":11772,"featured_media":93,"comment_status":"open","ping_status":"open","sticky":false,"template":"","format":"standard","meta":{"ngg_post_thumbnail":0,"footnotes":""},"categories":[3],"tags":[],"aioseo_notices":[],"_links":{"self":[{"href":"https:\/\/blogsaverroes.juntadeandalucia.es\/iespabloruedabiblioteca\/wp-json\/wp\/v2\/posts\/91"}],"collection":[{"href":"https:\/\/blogsaverroes.juntadeandalucia.es\/iespabloruedabiblioteca\/wp-json\/wp\/v2\/posts"}],"about":[{"href":"https:\/\/blogsaverroes.juntadeandalucia.es\/iespabloruedabiblioteca\/wp-json\/wp\/v2\/types\/post"}],"author":[{"embeddable":true,"href":"https:\/\/blogsaverroes.juntadeandalucia.es\/iespabloruedabiblioteca\/wp-json\/wp\/v2\/users\/11772"}],"replies":[{"embeddable":true,"href":"https:\/\/blogsaverroes.juntadeandalucia.es\/iespabloruedabiblioteca\/wp-json\/wp\/v2\/comments?post=91"}],"version-history":[{"count":1,"href":"https:\/\/blogsaverroes.juntadeandalucia.es\/iespabloruedabiblioteca\/wp-json\/wp\/v2\/posts\/91\/revisions"}],"predecessor-version":[{"id":94,"href":"https:\/\/blogsaverroes.juntadeandalucia.es\/iespabloruedabiblioteca\/wp-json\/wp\/v2\/posts\/91\/revisions\/94"}],"wp:featuredmedia":[{"embeddable":true,"href":"https:\/\/blogsaverroes.juntadeandalucia.es\/iespabloruedabiblioteca\/wp-json\/wp\/v2\/media\/93"}],"wp:attachment":[{"href":"https:\/\/blogsaverroes.juntadeandalucia.es\/iespabloruedabiblioteca\/wp-json\/wp\/v2\/media?parent=91"}],"wp:term":[{"taxonomy":"category","embeddable":true,"href":"https:\/\/blogsaverroes.juntadeandalucia.es\/iespabloruedabiblioteca\/wp-json\/wp\/v2\/categories?post=91"},{"taxonomy":"post_tag","embeddable":true,"href":"https:\/\/blogsaverroes.juntadeandalucia.es\/iespabloruedabiblioteca\/wp-json\/wp\/v2\/tags?post=91"}],"curies":[{"name":"wp","href":"https:\/\/api.w.org\/{rel}","templated":true}]}}