{"id":6757,"date":"2024-03-15T08:38:51","date_gmt":"2024-03-15T07:38:51","guid":{"rendered":"https:\/\/blogsaverroes.juntadeandalucia.es\/iespdelaguila\/?p=6757"},"modified":"2024-03-15T06:44:21","modified_gmt":"2024-03-15T05:44:21","slug":"excursion-a-cordoba","status":"publish","type":"post","link":"https:\/\/blogsaverroes.juntadeandalucia.es\/iespdelaguila\/excursion-a-cordoba\/","title":{"rendered":"Excursi\u00f3n a C\u00f3rdoba"},"content":{"rendered":"<p>[et_pb_section fb_built=&#8221;1&#8243; _builder_version=&#8221;3.22&#8243; global_colors_info=&#8221;{}&#8221;][et_pb_row _builder_version=&#8221;3.25&#8243; background_size=&#8221;initial&#8221; background_position=&#8221;top_left&#8221; background_repeat=&#8221;repeat&#8221; global_colors_info=&#8221;{}&#8221;][et_pb_column type=&#8221;4_4&#8243; _builder_version=&#8221;3.25&#8243; custom_padding=&#8221;|||&#8221; global_colors_info=&#8221;{}&#8221; custom_padding__hover=&#8221;|||&#8221;][et_pb_text _builder_version=&#8221;3.27.4&#8243; background_size=&#8221;initial&#8221; background_position=&#8221;top_left&#8221; background_repeat=&#8221;repeat&#8221; global_colors_info=&#8221;{}&#8221;]<\/p>\n<p style=\"text-align: justify\">El jueves 14 de Marzo, nuestro alumnado de 2\u00ba de ESO ha podido disfrutar de una excursi\u00f3n a C\u00f3rdoba. En esta salida organizada por los departamentos de Geograf\u00eda e Historia y Religi\u00f3n, hemos podido conocer algunas de las iglesias fernandinas m\u00e1s importantes de la ciudad, el casco hist\u00f3rico y la mezquita-catedral. Gracias a esta salida, nuestros chicos y chicas se han empezado a familiarizar con los estilos arquitect\u00f3nicos de la Edad Media peninsular para afrontar con \u00e9xito la pr\u00f3xima situaci\u00f3n de aprendizaje.<\/p>\n<p>[\/et_pb_text][et_pb_gallery _builder_version=&#8221;4.14.5&#8243; _module_preset=&#8221;default&#8221; gallery_ids=&#8221;6766,6761,6762,6763,6764,6765,6768,6767&#8243; show_title_and_caption=&#8221;off&#8221; hover_enabled=&#8221;0&#8243; sticky_enabled=&#8221;0&#8243;][\/et_pb_gallery][\/et_pb_column][\/et_pb_row][\/et_pb_section]<\/p>\n","protected":false},"excerpt":{"rendered":"<p>El jueves 14 de Marzo, nuestro alumnado de 2\u00ba de ESO ha podido disfrutar de una excursi\u00f3n a C\u00f3rdoba. En esta salida organizada por los departamentos de Geograf\u00eda e Historia y Religi\u00f3n, hemos podido conocer algunas de las iglesias fernandinas m\u00e1s importantes de la ciudad, el casco hist\u00f3rico y la mezquita-catedral. Gracias a esta salida, [&hellip;]<\/p>\n","protected":false},"author":7916,"featured_media":0,"comment_status":"closed","ping_status":"open","sticky":false,"template":"","format":"standard","meta":{"_et_pb_use_builder":"on","_et_pb_old_content":"<p style=\"text-align: justify;\">El jueves 14 de Marzo, nuestro alumnado de 2\u00ba de ESO ha podido disfrutar de una excursi\u00f3n a C\u00f3rdoba. En esta salida organizada por los departamentos de Geograf\u00eda e Historia y Religi\u00f3n, hemos podido conocer algunas de las iglesias fernandinas m\u00e1s importantes de la ciudad, el casco hist\u00f3rico y la mezquita-catedral. Gracias a esta salida, nuestros chicos y chicas se han empezado a familiarizar con los estilos arquitect\u00f3nicos de la Edad Media peninsular para afrontar con \u00e9xito la pr\u00f3xima situaci\u00f3n de aprendizaje.<\/p>","_et_gb_content_width":"","footnotes":""},"categories":[8],"tags":[],"aioseo_notices":[],"_links":{"self":[{"href":"https:\/\/blogsaverroes.juntadeandalucia.es\/iespdelaguila\/wp-json\/wp\/v2\/posts\/6757"}],"collection":[{"href":"https:\/\/blogsaverroes.juntadeandalucia.es\/iespdelaguila\/wp-json\/wp\/v2\/posts"}],"about":[{"href":"https:\/\/blogsaverroes.juntadeandalucia.es\/iespdelaguila\/wp-json\/wp\/v2\/types\/post"}],"author":[{"embeddable":true,"href":"https:\/\/blogsaverroes.juntadeandalucia.es\/iespdelaguila\/wp-json\/wp\/v2\/users\/7916"}],"replies":[{"embeddable":true,"href":"https:\/\/blogsaverroes.juntadeandalucia.es\/iespdelaguila\/wp-json\/wp\/v2\/comments?post=6757"}],"version-history":[{"count":3,"href":"https:\/\/blogsaverroes.juntadeandalucia.es\/iespdelaguila\/wp-json\/wp\/v2\/posts\/6757\/revisions"}],"predecessor-version":[{"id":6770,"href":"https:\/\/blogsaverroes.juntadeandalucia.es\/iespdelaguila\/wp-json\/wp\/v2\/posts\/6757\/revisions\/6770"}],"wp:attachment":[{"href":"https:\/\/blogsaverroes.juntadeandalucia.es\/iespdelaguila\/wp-json\/wp\/v2\/media?parent=6757"}],"wp:term":[{"taxonomy":"category","embeddable":true,"href":"https:\/\/blogsaverroes.juntadeandalucia.es\/iespdelaguila\/wp-json\/wp\/v2\/categories?post=6757"},{"taxonomy":"post_tag","embeddable":true,"href":"https:\/\/blogsaverroes.juntadeandalucia.es\/iespdelaguila\/wp-json\/wp\/v2\/tags?post=6757"}],"curies":[{"name":"wp","href":"https:\/\/api.w.org\/{rel}","templated":true}]}}