{"id":7040,"date":"2024-06-05T16:57:52","date_gmt":"2024-06-05T14:57:52","guid":{"rendered":"https:\/\/blogsaverroes.juntadeandalucia.es\/iespdelaguila\/?p=7040"},"modified":"2024-06-06T20:18:28","modified_gmt":"2024-06-06T18:18:28","slug":"el-rincon-violeta","status":"publish","type":"post","link":"https:\/\/blogsaverroes.juntadeandalucia.es\/iespdelaguila\/el-rincon-violeta\/","title":{"rendered":"El Rinc\u00f3n Violeta"},"content":{"rendered":"<p>[et_pb_section fb_built=&#8221;1&#8243; _builder_version=&#8221;4.24.2&#8243; _module_preset=&#8221;default&#8221; global_colors_info=&#8221;{}&#8221;][et_pb_row _builder_version=&#8221;4.24.2&#8243; _module_preset=&#8221;default&#8221; global_colors_info=&#8221;{}&#8221;][et_pb_column type=&#8221;4_4&#8243; _builder_version=&#8221;4.24.2&#8243; _module_preset=&#8221;default&#8221; global_colors_info=&#8221;{}&#8221;][et_pb_text _builder_version=&#8221;4.24.2&#8243; _module_preset=&#8221;default&#8221; global_colors_info=&#8221;{}&#8221;]<\/p>\n<p>Durante el presente curso escolar y dentro del Plan de Igualdad hemos creado \u201c El Rinc\u00f3n Violeta\u201d. Este Rinc\u00f3n de lectura se ha ubicado en la biblioteca de nuestro centro educativo y contiene en sus estanter\u00edas ejemplares como \u201cEl diario violeta de Carlota\u201d de Gemma Lienas, \u201cDesnuda\u201d de Jordi Sierra I Fabra, \u201cDestronada\u201d de Patricia Lorenzo, \u201cMonstruo de los ojos verdes\u201d de Joyce Carol Oates y \u201cLa reina negra\u201d de Llanos Campos Mart\u00ednez. Ejemplares que comparten y tratan la tem\u00e1tica de la Violencia de G\u00e9nero. Nuestro agradecimiento al Plan de Biblioteca y al departamento de Madera por su participaci\u00f3n en esta actividad. As\u00ed como al alumnado que es el verdadero protagonista y objetivo de nuestro \u201cRinc\u00f3n Violeta\u201d.<\/p>\n<p>[\/et_pb_text][et_pb_gallery gallery_ids=&#8221;7053,7054,7055,7056&#8243; admin_label=&#8221;Galer\u00eda&#8221; _builder_version=&#8221;4.24.2&#8243; _module_preset=&#8221;default&#8221; hover_enabled=&#8221;0&#8243; global_colors_info=&#8221;{}&#8221; show_title_and_caption=&#8221;off&#8221; sticky_enabled=&#8221;0&#8243;][\/et_pb_gallery][\/et_pb_column][\/et_pb_row][\/et_pb_section]<\/p>\n","protected":false},"excerpt":{"rendered":"<p>Durante el presente curso escolar y dentro del Plan de Igualdad hemos creado \u201c El Rinc\u00f3n Violeta\u201d. Este Rinc\u00f3n de lectura se ha ubicado en la biblioteca de nuestro centro educativo y contiene en sus estanter\u00edas ejemplares como \u201cEl diario violeta de Carlota\u201d de Gemma Lienas, \u201cDesnuda\u201d de Jordi Sierra I Fabra, \u201cDestronada\u201d de Patricia [&hellip;]<\/p>\n","protected":false},"author":7916,"featured_media":0,"comment_status":"closed","ping_status":"open","sticky":false,"template":"","format":"standard","meta":{"_et_pb_use_builder":"on","_et_pb_old_content":"","_et_gb_content_width":"","footnotes":""},"categories":[8,21],"tags":[],"aioseo_notices":[],"_links":{"self":[{"href":"https:\/\/blogsaverroes.juntadeandalucia.es\/iespdelaguila\/wp-json\/wp\/v2\/posts\/7040"}],"collection":[{"href":"https:\/\/blogsaverroes.juntadeandalucia.es\/iespdelaguila\/wp-json\/wp\/v2\/posts"}],"about":[{"href":"https:\/\/blogsaverroes.juntadeandalucia.es\/iespdelaguila\/wp-json\/wp\/v2\/types\/post"}],"author":[{"embeddable":true,"href":"https:\/\/blogsaverroes.juntadeandalucia.es\/iespdelaguila\/wp-json\/wp\/v2\/users\/7916"}],"replies":[{"embeddable":true,"href":"https:\/\/blogsaverroes.juntadeandalucia.es\/iespdelaguila\/wp-json\/wp\/v2\/comments?post=7040"}],"version-history":[{"count":4,"href":"https:\/\/blogsaverroes.juntadeandalucia.es\/iespdelaguila\/wp-json\/wp\/v2\/posts\/7040\/revisions"}],"predecessor-version":[{"id":7073,"href":"https:\/\/blogsaverroes.juntadeandalucia.es\/iespdelaguila\/wp-json\/wp\/v2\/posts\/7040\/revisions\/7073"}],"wp:attachment":[{"href":"https:\/\/blogsaverroes.juntadeandalucia.es\/iespdelaguila\/wp-json\/wp\/v2\/media?parent=7040"}],"wp:term":[{"taxonomy":"category","embeddable":true,"href":"https:\/\/blogsaverroes.juntadeandalucia.es\/iespdelaguila\/wp-json\/wp\/v2\/categories?post=7040"},{"taxonomy":"post_tag","embeddable":true,"href":"https:\/\/blogsaverroes.juntadeandalucia.es\/iespdelaguila\/wp-json\/wp\/v2\/tags?post=7040"}],"curies":[{"name":"wp","href":"https:\/\/api.w.org\/{rel}","templated":true}]}}