{"id":8334,"date":"2026-04-03T21:22:04","date_gmt":"2026-04-03T19:22:04","guid":{"rendered":"https:\/\/blogsaverroes.juntadeandalucia.es\/iespdelaguila\/?p=8334"},"modified":"2026-04-27T10:15:05","modified_gmt":"2026-04-27T08:15:05","slug":"vsccd","status":"publish","type":"post","link":"https:\/\/blogsaverroes.juntadeandalucia.es\/iespdelaguila\/vsccd\/","title":{"rendered":"V Semana de la Cultura, la Ciencia y el Deporte"},"content":{"rendered":"<p>[et_pb_section fb_built=&#8221;1&#8243; _builder_version=&#8221;4.24.2&#8243; _module_preset=&#8221;default&#8221; global_colors_info=&#8221;{}&#8221;][et_pb_row _builder_version=&#8221;4.24.2&#8243; _module_preset=&#8221;default&#8221; global_colors_info=&#8221;{}&#8221;][et_pb_column type=&#8221;4_4&#8243; _builder_version=&#8221;4.24.2&#8243; _module_preset=&#8221;default&#8221; global_colors_info=&#8221;{}&#8221;][et_pb_image src=&#8221;https:\/\/blogsaverroes.juntadeandalucia.es\/iespdelaguila\/files\/2026\/04\/banner.jpeg&#8221; _builder_version=&#8221;4.24.2&#8243; _module_preset=&#8221;default&#8221; global_colors_info=&#8221;{}&#8221;][\/et_pb_image][\/et_pb_column][\/et_pb_row][et_pb_row column_structure=&#8221;1_3,1_3,1_3&#8243; _builder_version=&#8221;4.24.2&#8243; _module_preset=&#8221;default&#8221; global_colors_info=&#8221;{}&#8221;][et_pb_column type=&#8221;1_3&#8243; _builder_version=&#8221;4.24.2&#8243; _module_preset=&#8221;default&#8221; global_colors_info=&#8221;{}&#8221;][et_pb_text _builder_version=&#8221;4.24.2&#8243; _module_preset=&#8221;default&#8221; global_colors_info=&#8221;{}&#8221;]<\/p>\n<p style=\"text-align: center\"><a href=\"https:\/\/drive.google.com\/file\/d\/1okoEE8UqgLvN2IBwPI-Yl0d-Nm3Fyb6Y\/view?usp=drive_link\" target=\"_blank\" rel=\"noopener\">Pulsa aqu\u00ed<\/a> para ver el <strong>cartel<\/strong>.<\/p>\n<p>[\/et_pb_text][\/et_pb_column][et_pb_column type=&#8221;1_3&#8243; _builder_version=&#8221;4.24.2&#8243; _module_preset=&#8221;default&#8221; global_colors_info=&#8221;{}&#8221;][et_pb_text _builder_version=&#8221;4.24.2&#8243; _module_preset=&#8221;default&#8221; global_colors_info=&#8221;{}&#8221;]<\/p>\n<p style=\"text-align: center\">Haz <a href=\"https:\/\/drive.google.com\/file\/d\/1NDmllHsg4JaELHnniBmnNBY_7cyhxbQ_\/view?usp=sharing\" target=\"_blank\" rel=\"noopener\">clic aqu\u00ed<\/a> para ver el <strong>programa<\/strong>.<\/p>\n<p>[\/et_pb_text][\/et_pb_column][et_pb_column type=&#8221;1_3&#8243; _builder_version=&#8221;4.24.2&#8243; _module_preset=&#8221;default&#8221; global_colors_info=&#8221;{}&#8221;][et_pb_text _builder_version=&#8221;4.24.2&#8243; _module_preset=&#8221;default&#8221; global_colors_info=&#8221;{}&#8221;]<\/p>\n<p style=\"text-align: center\">Pincha en <a href=\"https:\/\/drive.google.com\/file\/d\/1z_o3jOBK0fl9eTVXITRRfbOb2BCuxGua\/view?usp=sharing\" target=\"_blank\" rel=\"noopener\">este enlace<\/a> para ver el <strong>cuadrante de actividades<\/strong>.<\/p>\n<p>[\/et_pb_text][\/et_pb_column][\/et_pb_row][et_pb_row _builder_version=&#8221;4.24.2&#8243; _module_preset=&#8221;default&#8221; global_colors_info=&#8221;{}&#8221;][et_pb_column type=&#8221;4_4&#8243; _builder_version=&#8221;4.24.2&#8243; _module_preset=&#8221;default&#8221; global_colors_info=&#8221;{}&#8221;][et_pb_text _builder_version=&#8221;4.24.2&#8243; _module_preset=&#8221;default&#8221; global_colors_info=&#8221;{}&#8221;]<\/p>\n<h1 style=\"text-align: center\">Visita de Daniel Blanco<\/h1>\n<p>[\/et_pb_text][et_pb_gallery gallery_ids=&#8221;8382,8384,8383,8385&#8243; show_title_and_caption=&#8221;off&#8221; _builder_version=&#8221;4.24.2&#8243; _module_preset=&#8221;default&#8221; global_colors_info=&#8221;{}&#8221;][\/et_pb_gallery][et_pb_text _builder_version=&#8221;4.24.2&#8243; _module_preset=&#8221;default&#8221; global_colors_info=&#8221;{}&#8221;]<\/p>\n<h1 style=\"text-align: center\">Lunes, 23 de marzo de 2026<\/h1>\n<p>[\/et_pb_text][et_pb_gallery gallery_ids=&#8221;8389,8393,8392,8390,8391,8394,8395,8396,8397,8398,8399,8400,8401,8402,8403,8404,8406,8405,8407,8408&#8243; show_title_and_caption=&#8221;off&#8221; _builder_version=&#8221;4.24.2&#8243; _module_preset=&#8221;default&#8221; global_colors_info=&#8221;{}&#8221;][\/et_pb_gallery][et_pb_text _builder_version=&#8221;4.24.2&#8243; _module_preset=&#8221;default&#8221; global_colors_info=&#8221;{}&#8221;]<\/p>\n<h1 style=\"text-align: center\">Martes, 24 de marzo de 2026<\/h1>\n<p>[\/et_pb_text][et_pb_gallery gallery_ids=&#8221;8416,8414,8415,8413,8411,8412,8417,8418,8419,8420&#8243; show_title_and_caption=&#8221;off&#8221; _builder_version=&#8221;4.24.2&#8243; _module_preset=&#8221;default&#8221; global_colors_info=&#8221;{}&#8221;][\/et_pb_gallery][et_pb_text _builder_version=&#8221;4.24.2&#8243; _module_preset=&#8221;default&#8221; global_colors_info=&#8221;{}&#8221;]<\/p>\n<h1 style=\"text-align: center\">Mi\u00e9rcoles, 25 de marzo de 2026<\/h1>\n<p>[\/et_pb_text][et_pb_gallery gallery_ids=&#8221;8427,8423,8425,8426,8424,8428,8429,8430,8431,8432,8433,8434,8436,8435,8437,8438,8440,8439,8441,8442,8443&#8243; show_title_and_caption=&#8221;off&#8221; _builder_version=&#8221;4.24.2&#8243; _module_preset=&#8221;default&#8221; global_colors_info=&#8221;{}&#8221;][\/et_pb_gallery][et_pb_video src=&#8221;https:\/\/blogsaverroes.juntadeandalucia.es\/iespdelaguila\/files\/2026\/04\/03_11_quimica_01.mp4&#8243; _builder_version=&#8221;4.24.2&#8243; _module_preset=&#8221;default&#8221; global_colors_info=&#8221;{}&#8221;][\/et_pb_video][et_pb_text _builder_version=&#8221;4.24.2&#8243; _module_preset=&#8221;default&#8221; global_colors_info=&#8221;{}&#8221;]<\/p>\n<h1 style=\"text-align: center\">Jueves, 26 de marzo de 2026<\/h1>\n<p>[\/et_pb_text][et_pb_gallery gallery_ids=&#8221;8447,8446,8445,8449,8448,8450,8451,8452,8453,8454,8455,8456,8457&#8243; show_title_and_caption=&#8221;off&#8221; _builder_version=&#8221;4.24.2&#8243; _module_preset=&#8221;default&#8221; global_colors_info=&#8221;{}&#8221;][\/et_pb_gallery][et_pb_text _builder_version=&#8221;4.24.2&#8243; _module_preset=&#8221;default&#8221; global_colors_info=&#8221;{}&#8221;]<\/p>\n<h1 style=\"text-align: center\">Viernes, 27 de marzo de 2026<\/h1>\n<p>[\/et_pb_text][et_pb_gallery gallery_ids=&#8221;8461,8463,8462,8460,8465,8464,8466,8467,8468,8469,8470,8471,8472,8473,8474,8475&#8243; show_title_and_caption=&#8221;off&#8221; _builder_version=&#8221;4.24.2&#8243; _module_preset=&#8221;default&#8221; global_colors_info=&#8221;{}&#8221;][\/et_pb_gallery][et_pb_text _builder_version=&#8221;4.24.2&#8243; _module_preset=&#8221;default&#8221; global_colors_info=&#8221;{}&#8221;]<\/p>\n<h1 style=\"text-align: center\">Y, adem\u00e1s&#8230;<\/h1>\n<p>[\/et_pb_text][et_pb_text _builder_version=&#8221;4.24.2&#8243; _module_preset=&#8221;default&#8221; global_colors_info=&#8221;{}&#8221;]<\/p>\n<p style=\"text-align: center\">&#8230;exhibici\u00f3n de debate, taller de lettering, \u00bfQu\u00e9 sabes de tus padres?. Spelling Bee, Ecosistema emprendedor, \u00bfQuieres ser bi\u00f3logo?, taller de encuadernaci\u00f3n japonesa, inauguraci\u00f3n del Edificio Natalia Romero (pr\u00f3ximamente) e inauguraci\u00f3n de la Avenida Supersubmarina (pr\u00f3ximamente)<\/p>\n<p>[\/et_pb_text][\/et_pb_column][\/et_pb_row][\/et_pb_section]<\/p>\n","protected":false},"excerpt":{"rendered":"<p>Pulsa aqu\u00ed para ver el cartel.Haz clic aqu\u00ed para ver el programa.Pincha en este enlace para ver el cuadrante de actividades.Visita de Daniel BlancoLunes, 23 de marzo de 2026Martes, 24 de marzo de 2026Mi\u00e9rcoles, 25 de marzo de 2026Jueves, 26 de marzo de 2026Viernes, 27 de marzo de 2026Y, adem\u00e1s&#8230;&#8230;exhibici\u00f3n de debate, taller de lettering, [&hellip;]<\/p>\n","protected":false},"author":12714,"featured_media":0,"comment_status":"closed","ping_status":"open","sticky":false,"template":"","format":"standard","meta":{"_et_pb_use_builder":"on","_et_pb_old_content":"","_et_gb_content_width":"","footnotes":""},"categories":[8],"tags":[],"aioseo_notices":[],"_links":{"self":[{"href":"https:\/\/blogsaverroes.juntadeandalucia.es\/iespdelaguila\/wp-json\/wp\/v2\/posts\/8334"}],"collection":[{"href":"https:\/\/blogsaverroes.juntadeandalucia.es\/iespdelaguila\/wp-json\/wp\/v2\/posts"}],"about":[{"href":"https:\/\/blogsaverroes.juntadeandalucia.es\/iespdelaguila\/wp-json\/wp\/v2\/types\/post"}],"author":[{"embeddable":true,"href":"https:\/\/blogsaverroes.juntadeandalucia.es\/iespdelaguila\/wp-json\/wp\/v2\/users\/12714"}],"replies":[{"embeddable":true,"href":"https:\/\/blogsaverroes.juntadeandalucia.es\/iespdelaguila\/wp-json\/wp\/v2\/comments?post=8334"}],"version-history":[{"count":14,"href":"https:\/\/blogsaverroes.juntadeandalucia.es\/iespdelaguila\/wp-json\/wp\/v2\/posts\/8334\/revisions"}],"predecessor-version":[{"id":8478,"href":"https:\/\/blogsaverroes.juntadeandalucia.es\/iespdelaguila\/wp-json\/wp\/v2\/posts\/8334\/revisions\/8478"}],"wp:attachment":[{"href":"https:\/\/blogsaverroes.juntadeandalucia.es\/iespdelaguila\/wp-json\/wp\/v2\/media?parent=8334"}],"wp:term":[{"taxonomy":"category","embeddable":true,"href":"https:\/\/blogsaverroes.juntadeandalucia.es\/iespdelaguila\/wp-json\/wp\/v2\/categories?post=8334"},{"taxonomy":"post_tag","embeddable":true,"href":"https:\/\/blogsaverroes.juntadeandalucia.es\/iespdelaguila\/wp-json\/wp\/v2\/tags?post=8334"}],"curies":[{"name":"wp","href":"https:\/\/api.w.org\/{rel}","templated":true}]}}