{"id":8341,"date":"2026-01-22T17:29:07","date_gmt":"2026-01-22T16:29:07","guid":{"rendered":"https:\/\/blogsaverroes.juntadeandalucia.es\/iespdelaguila\/?p=8341"},"modified":"2026-01-22T17:29:12","modified_gmt":"2026-01-22T16:29:12","slug":"erasmus2026","status":"publish","type":"post","link":"https:\/\/blogsaverroes.juntadeandalucia.es\/iespdelaguila\/erasmus2026\/","title":{"rendered":"Erasmus KA122 &#8211; road to Germany"},"content":{"rendered":"<p>[et_pb_section fb_built=&#8221;1&#8243; _builder_version=&#8221;4.24.2&#8243; _module_preset=&#8221;default&#8221; global_colors_info=&#8221;{}&#8221;][et_pb_row _builder_version=&#8221;4.24.2&#8243; _module_preset=&#8221;default&#8221; global_colors_info=&#8221;{}&#8221;][et_pb_column type=&#8221;4_4&#8243; _builder_version=&#8221;4.24.2&#8243; _module_preset=&#8221;default&#8221; global_colors_info=&#8221;{}&#8221;][et_pb_text _builder_version=&#8221;4.24.2&#8243; _module_preset=&#8221;default&#8221; hover_enabled=&#8221;0&#8243; global_colors_info=&#8221;{}&#8221; sticky_enabled=&#8221;0&#8243;]<\/p>\n<p>\u00a1Ya es oficial! Nuestra movilidad para este curso ya est\u00e1 en marcha y no podemos estar m\u00e1s emocionados.\u00a0<img decoding=\"async\" class=\"an1\" src=\"https:\/\/fonts.gstatic.com\/s\/e\/notoemoji\/16.0\/2708_fe0f\/72.png\" alt=\"\u2708\ufe0f\" data-emoji=\"\u2708\ufe0f\" aria-label=\"\u2708\ufe0f\" \/><img decoding=\"async\" class=\"an1\" src=\"https:\/\/fonts.gstatic.com\/s\/e\/notoemoji\/16.0\/1f30d\/72.png\" alt=\"\ud83c\udf0d\" data-emoji=\"\ud83c\udf0d\" aria-label=\"\ud83c\udf0d\" \/>\u00a015 alumnos de 4\u00ba ESO I.E.S. pondr\u00e1n rumbo a Alemania para vivir una experiencia internacional \u00fanica.<\/p>\n<p>\u00a1Pero no solo viaja nuestro alumnado!\u00a0<img decoding=\"async\" class=\"an1\" src=\"https:\/\/fonts.gstatic.com\/s\/e\/notoemoji\/16.0\/1f680\/72.png\" alt=\"\ud83d\ude80\" data-emoji=\"\ud83d\ude80\" aria-label=\"\ud83d\ude80\" \/>\u00a0Tres de nuestras profesoras tambi\u00e9n est\u00e1n ya\u00a0<b>&#8220;calentando motores&#8221;<\/b>\u00a0para su periodo de\u00a0<i>jobshadowing<\/i>. Est\u00e1n preparadas para intercambiar metodolog\u00edas y traer las mejores pr\u00e1cticas educativas de vuelta a nuestras aulas.\u00a0<img decoding=\"async\" class=\"an1\" src=\"https:\/\/fonts.gstatic.com\/s\/e\/notoemoji\/16.0\/1f4da\/72.png\" alt=\"\ud83d\udcda\" data-emoji=\"\ud83d\udcda\" aria-label=\"\ud83d\udcda\" \/><img decoding=\"async\" class=\"an1\" src=\"https:\/\/fonts.gstatic.com\/s\/e\/notoemoji\/16.0\/2728\/72.png\" alt=\"\u2728\" data-emoji=\"\u2728\" aria-label=\"\u2728\" \/><\/p>\n<p>\u00bfQuieres estar al d\u00eda de todo? Te dejamos por aqu\u00ed una\u00a0<b>infograf\u00eda<\/b>\u00a0con los detalles clave de la movilidad del alumnado y un peque\u00f1o vistazo a nuestro\u00a0<b>tabl\u00f3n de anuncios<\/b>\u00a0en el centro, donde iremos actualizando todas las novedades del proyecto.\u00a0<img decoding=\"async\" class=\"an1\" src=\"https:\/\/fonts.gstatic.com\/s\/e\/notoemoji\/16.0\/1f4cc\/72.png\" alt=\"\ud83d\udccc\" data-emoji=\"\ud83d\udccc\" aria-label=\"\ud83d\udccc\" \/><img decoding=\"async\" class=\"an1\" src=\"https:\/\/fonts.gstatic.com\/s\/e\/notoemoji\/16.0\/1f5bc_fe0f\/72.png\" alt=\"\ud83d\uddbc\ufe0f\" data-emoji=\"\ud83d\uddbc\ufe0f\" aria-label=\"\ud83d\uddbc\ufe0f\" \/><\/p>\n<p>\u00a1Permaneced atentos a nuestras redes! Os mantendremos informados de cada paso de esta gran aventura.\u00a0<img decoding=\"async\" class=\"an1\" src=\"https:\/\/fonts.gstatic.com\/s\/e\/notoemoji\/16.0\/1f51c\/72.png\" alt=\"\ud83d\udd1c\" data-emoji=\"\ud83d\udd1c\" aria-label=\"\ud83d\udd1c\" \/><img decoding=\"async\" class=\"an1\" src=\"https:\/\/fonts.gstatic.com\/s\/e\/notoemoji\/16.0\/1f1e9_1f1ea\/72.png\" alt=\"\ud83c\udde9\ud83c\uddea\" data-emoji=\"\ud83c\udde9\ud83c\uddea\" aria-label=\"\ud83c\udde9\ud83c\uddea\" \/><\/p>\n<p>#IESPe\u00f1aDel\u00c1guila #ErasmusPlus #Alemania #Jobshadowing #Internacionalizaci\u00f3n #Innovaci\u00f3nEducativa #AprenderViajando #ManchaReal<\/p>\n<p>[\/et_pb_text][et_pb_image src=&#8221;https:\/\/blogsaverroes.juntadeandalucia.es\/iespdelaguila\/files\/2026\/01\/Infografia-EcoNecta.png&#8221; title_text=&#8221;Infografi\u0301a EcoNecta&#8221; _builder_version=&#8221;4.24.2&#8243; _module_preset=&#8221;default&#8221; global_colors_info=&#8221;{}&#8221;][\/et_pb_image][et_pb_image src=&#8221;https:\/\/blogsaverroes.juntadeandalucia.es\/iespdelaguila\/files\/2026\/01\/TABLON-ERASMUS.png&#8221; title_text=&#8221;TABLO\u0301N ERASMUS&#8221; _builder_version=&#8221;4.24.2&#8243; _module_preset=&#8221;default&#8221; global_colors_info=&#8221;{}&#8221;][\/et_pb_image][\/et_pb_column][\/et_pb_row][\/et_pb_section]<\/p>\n","protected":false},"excerpt":{"rendered":"<p>\u00a1Ya es oficial! Nuestra movilidad para este curso ya est\u00e1 en marcha y no podemos estar m\u00e1s emocionados.\u00a0\u00a015 alumnos de 4\u00ba ESO I.E.S. pondr\u00e1n rumbo a Alemania para vivir una experiencia internacional \u00fanica. \u00a1Pero no solo viaja nuestro alumnado!\u00a0\u00a0Tres de nuestras profesoras tambi\u00e9n est\u00e1n ya\u00a0&#8220;calentando motores&#8221;\u00a0para su periodo de\u00a0jobshadowing. Est\u00e1n preparadas para intercambiar metodolog\u00edas y [&hellip;]<\/p>\n","protected":false},"author":12714,"featured_media":0,"comment_status":"closed","ping_status":"open","sticky":false,"template":"","format":"standard","meta":{"_et_pb_use_builder":"on","_et_pb_old_content":"","_et_gb_content_width":"","footnotes":""},"categories":[8],"tags":[],"aioseo_notices":[],"_links":{"self":[{"href":"https:\/\/blogsaverroes.juntadeandalucia.es\/iespdelaguila\/wp-json\/wp\/v2\/posts\/8341"}],"collection":[{"href":"https:\/\/blogsaverroes.juntadeandalucia.es\/iespdelaguila\/wp-json\/wp\/v2\/posts"}],"about":[{"href":"https:\/\/blogsaverroes.juntadeandalucia.es\/iespdelaguila\/wp-json\/wp\/v2\/types\/post"}],"author":[{"embeddable":true,"href":"https:\/\/blogsaverroes.juntadeandalucia.es\/iespdelaguila\/wp-json\/wp\/v2\/users\/12714"}],"replies":[{"embeddable":true,"href":"https:\/\/blogsaverroes.juntadeandalucia.es\/iespdelaguila\/wp-json\/wp\/v2\/comments?post=8341"}],"version-history":[{"count":8,"href":"https:\/\/blogsaverroes.juntadeandalucia.es\/iespdelaguila\/wp-json\/wp\/v2\/posts\/8341\/revisions"}],"predecessor-version":[{"id":8353,"href":"https:\/\/blogsaverroes.juntadeandalucia.es\/iespdelaguila\/wp-json\/wp\/v2\/posts\/8341\/revisions\/8353"}],"wp:attachment":[{"href":"https:\/\/blogsaverroes.juntadeandalucia.es\/iespdelaguila\/wp-json\/wp\/v2\/media?parent=8341"}],"wp:term":[{"taxonomy":"category","embeddable":true,"href":"https:\/\/blogsaverroes.juntadeandalucia.es\/iespdelaguila\/wp-json\/wp\/v2\/categories?post=8341"},{"taxonomy":"post_tag","embeddable":true,"href":"https:\/\/blogsaverroes.juntadeandalucia.es\/iespdelaguila\/wp-json\/wp\/v2\/tags?post=8341"}],"curies":[{"name":"wp","href":"https:\/\/api.w.org\/{rel}","templated":true}]}}