{"id":4093,"date":"2024-04-04T19:13:16","date_gmt":"2024-04-04T18:13:16","guid":{"rendered":"https:\/\/blogsaverroes.juntadeandalucia.es\/iesperezmercader\/?p=4093"},"modified":"2024-04-04T19:17:59","modified_gmt":"2024-04-04T18:17:59","slug":"simulacro-de-evacuacion","status":"publish","type":"post","link":"https:\/\/blogsaverroes.juntadeandalucia.es\/iesperezmercader\/simulacro-de-evacuacion\/","title":{"rendered":"Simulacro de Evacuaci\u00f3n"},"content":{"rendered":"<p>[et_pb_section fb_built=&#8221;1&#8243; _builder_version=&#8221;3.23.3&#8243; inner_width_tablet=&#8221;50px&#8221; inner_max_width_tablet=&#8221;50px&#8221; custom_padding=&#8221;0px||0px|&#8221; z_index_tablet=&#8221;500&#8243; box_shadow_horizontal_tablet=&#8221;0px&#8221; box_shadow_vertical_tablet=&#8221;0px&#8221; box_shadow_blur_tablet=&#8221;40px&#8221; box_shadow_spread_tablet=&#8221;0px&#8221; global_colors_info=&#8221;{}&#8221;][et_pb_row _builder_version=&#8221;3.25&#8243; background_size=&#8221;initial&#8221; background_position=&#8221;top_left&#8221; background_repeat=&#8221;repeat&#8221; global_colors_info=&#8221;{}&#8221;][et_pb_column type=&#8221;4_4&#8243; _builder_version=&#8221;3.25&#8243; custom_padding=&#8221;|||&#8221; global_colors_info=&#8221;{}&#8221; custom_padding__hover=&#8221;|||&#8221;][et_pb_text _builder_version=&#8221;4.14.5&#8243; link_option_url=&#8221;https:\/\/bbtkcorrales.blogspot.com\/2022\/11\/patrimonio-coeducacion-y-biblioteca.html&#8221; link_option_url_new_window=&#8221;on&#8221; hover_enabled=&#8221;0&#8243; global_colors_info=&#8221;{}&#8221; sticky_enabled=&#8221;0&#8243;]<\/p>\n<p>El mi\u00e9rcoles 03 de abril se llev\u00f3 a cabo en nuestro Centro un ejercicio pr\u00e1ctico de simulacro de evacuaci\u00f3n de emergencia, que es prescriptivo realizar dentro del Plan de Autoprotecci\u00f3n. El simulacro fue organizado por nuestra Coordinadora de Prevenci\u00f3n de Riesgos Laborales, Loreto S. Arias G\u00f3mez.<\/p>\n<p>En el simulacro intervinieron m\u00e1s de 800 personas pertenecientes a todos los sectores de nuestra Comunidad educativa: alumnado, profesorado, familias presentes en ese momento en el Centro y personal no docente.<\/p>\n<p>Tras el sonido de la alarma, cada clase sali\u00f3 en fila de su aula y se fueron reuniendo en los diferentes puntos de encuentro se\u00f1alizados para este fin.<\/p>\n<p>Dicha evacuaci\u00f3n se realiz\u00f3 correctamente en poco m\u00e1s de 3 minutos, quedando todos los edificios totalmente desalojados.&nbsp;<\/p>\n<p>Desde el I.E.S Juan A. P\u00e9rez Mercader queremos agradecer la colaboraci\u00f3n a los servicios del Consorcio Provincial de Bomberos de Huelva y a la Polic\u00eda Local de Aljaraque presentes en la realizaci\u00f3n del simulacro y que nos ofrecieron apoyo y consejos para mejorar los protocolos.&nbsp;<\/p>\n<p><span style=\"font-size: 14pt\"><strong>GALER\u00cdA DE IM\u00c1GENES<\/strong><\/span><\/p>\n<p>[\/et_pb_text][et_pb_image src=&#8221;https:\/\/blogsaverroes.juntadeandalucia.es\/iesperezmercader\/files\/2024\/04\/Equipo.jpg&#8221; title_text=&#8221;Equipo&#8221; admin_label=&#8221;Imagen&#8221; _builder_version=&#8221;4.14.5&#8243; _module_preset=&#8221;default&#8221; global_colors_info=&#8221;{}&#8221;][\/et_pb_image][et_pb_gallery gallery_ids=&#8221;4097,4098,4099,4100,4101,4102&#8243; _builder_version=&#8221;4.14.5&#8243; _module_preset=&#8221;default&#8221; global_colors_info=&#8221;{}&#8221;][\/et_pb_gallery][\/et_pb_column][\/et_pb_row][\/et_pb_section]<\/p>\n","protected":false},"excerpt":{"rendered":"<p>El mi\u00e9rcoles 03 de abril se llev\u00f3 a cabo en nuestro Centro un ejercicio pr\u00e1ctico de simulacro de evacuaci\u00f3n de emergencia, que es prescriptivo realizar dentro del Plan de Autoprotecci\u00f3n. El simulacro fue organizado por nuestra Coordinadora de Prevenci\u00f3n de Riesgos Laborales, Loreto S. Arias G\u00f3mez. En el simulacro intervinieron m\u00e1s de 800 personas pertenecientes [&hellip;]<\/p>\n","protected":false},"author":16057,"featured_media":4106,"comment_status":"closed","ping_status":"open","sticky":false,"template":"","format":"standard","meta":{"_et_pb_use_builder":"on","_et_pb_old_content":"","_et_gb_content_width":"","ngg_post_thumbnail":0,"footnotes":""},"categories":[4],"tags":[58,194],"aioseo_notices":[],"_links":{"self":[{"href":"https:\/\/blogsaverroes.juntadeandalucia.es\/iesperezmercader\/wp-json\/wp\/v2\/posts\/4093"}],"collection":[{"href":"https:\/\/blogsaverroes.juntadeandalucia.es\/iesperezmercader\/wp-json\/wp\/v2\/posts"}],"about":[{"href":"https:\/\/blogsaverroes.juntadeandalucia.es\/iesperezmercader\/wp-json\/wp\/v2\/types\/post"}],"author":[{"embeddable":true,"href":"https:\/\/blogsaverroes.juntadeandalucia.es\/iesperezmercader\/wp-json\/wp\/v2\/users\/16057"}],"replies":[{"embeddable":true,"href":"https:\/\/blogsaverroes.juntadeandalucia.es\/iesperezmercader\/wp-json\/wp\/v2\/comments?post=4093"}],"version-history":[{"count":4,"href":"https:\/\/blogsaverroes.juntadeandalucia.es\/iesperezmercader\/wp-json\/wp\/v2\/posts\/4093\/revisions"}],"predecessor-version":[{"id":4109,"href":"https:\/\/blogsaverroes.juntadeandalucia.es\/iesperezmercader\/wp-json\/wp\/v2\/posts\/4093\/revisions\/4109"}],"wp:featuredmedia":[{"embeddable":true,"href":"https:\/\/blogsaverroes.juntadeandalucia.es\/iesperezmercader\/wp-json\/wp\/v2\/media\/4106"}],"wp:attachment":[{"href":"https:\/\/blogsaverroes.juntadeandalucia.es\/iesperezmercader\/wp-json\/wp\/v2\/media?parent=4093"}],"wp:term":[{"taxonomy":"category","embeddable":true,"href":"https:\/\/blogsaverroes.juntadeandalucia.es\/iesperezmercader\/wp-json\/wp\/v2\/categories?post=4093"},{"taxonomy":"post_tag","embeddable":true,"href":"https:\/\/blogsaverroes.juntadeandalucia.es\/iesperezmercader\/wp-json\/wp\/v2\/tags?post=4093"}],"curies":[{"name":"wp","href":"https:\/\/api.w.org\/{rel}","templated":true}]}}